{"id":628,"date":"2019-09-06T15:35:53","date_gmt":"2019-09-06T06:35:53","guid":{"rendered":"https:\/\/sumau.com\/2019-n\/?p=628"},"modified":"2019-12-09T12:05:40","modified_gmt":"2019-12-09T03:05:40","slug":"%e5%bf%83%e3%81%ae%e3%80%8c%e7%9b%ae%e3%80%8d%e3%81%a7%e8%a6%8b%e3%81%9f%e3%81%be%e3%81%be%e3%82%92%e6%8f%8f%e3%81%8f%e5%bc%b7%e3%81%95%e3%80%82-%e3%83%91%e3%83%aa%e3%80%8c%e3%83%8a%e3%82%a4%e3%83%bc","status":"publish","type":"post","link":"https:\/\/sumau.com\/2019-n\/article\/628","title":{"rendered":"\u5fc3\u306e\u300c\u76ee\u300d\u3067\u898b\u305f\u307e\u307e\u3092\u63cf\u304f\u5f37\u3055\u3002 \u30d1\u30ea\u300c\u30ca\u30a4\u30fc\u30d6\u30fb\u30a2\u30fc\u30c8\u300d\u5c55\u3002"},"content":{"rendered":"\n<div style=\"font-size: 12px;\">Dominique Peyronnet \/ Sieste estivale, 1933, Huile et collage sur toile, 50 x 61 cm, Paris, Centre Pompidou, Mus\u00e9e national d\u2019art moderne. Centre de cr\u00e9ation industrielle, d\u00e9p\u00f4t au mus\u00e9e d\u2019Art et d\u2019Arch\u00e9ologie de<br \/>Senlis, Photo \u00a9 Centre Pompidou, MNAM-CCI, Dist. RMN-Grand Palais \/Jacqueline Hyde<\/div>\n\n\n\n<p><br><br>\u300c\u30ca\u30a4\u30fc\u30f4\u30fb\u30a2\u30fc\u30c8\u300d\u3068\u3044\u3046\u8a00\u8449\u3092\u3054\u5b58\u3058\u3060\u308d\u3046\u304b\u3002<br><br> \u300c\u30ca\u30a4\u30fc\u30f4\u300d\u3068\u3044\u3063\u3066\u3082\u300c\u7e4a\u7d30\u3067\u50b7\u3064\u304d\u3084\u3059\u3044\u5fc3\u300d\u306e\u610f\u5473\u3067\u306f\u306a\u3044\u3002\u305d\u306e\u3088\u3046\u306b\u4f7f\u308f\u308c\u308b\u306e\u306f\u65e5\u672c\u304f\u3089\u3044\u3067\u3001\u8a9e\u6e90\u306b\u306a\u3063\u305f\u82f1\u8a9e\u306e\u300cnaive\u300d\u3001\u30d5\u30e9\u30f3\u30b9\u8a9e\u306e\u300cna\u00efve \/ na\u00eff\u300d\u306f\u3001\u3082\u3068\u3082\u3068\u300c\u7d20\u6734\u306a\u300d\u300c\u81ea\u7136\u306a\u300d\u3068\u3044\u3046\u610f\u5473\u3060\u3002\u7f8e\u8853\u53f2\u306e\u4e2d\u3067\u300c\u30ca\u30a4\u30fc\u30f4\u30fb\u30a2\u30fc\u30c8\uff1d\u7d20\u6734\u6d3e\u300d\u3068\u3044\u3048\u3070\u300119\u4e16\u7d00\u304b\u308920\u4e16\u7d00\u306b\u304b\u3051\u3066\u3001\u3068\u304f\u306b\u7f8e\u8853\u306e\u6559\u80b2\u3092\u53d7\u3051\u305a\u306b\u300c\u7d20\u306e\u307e\u307e\u306b\u300d\u7d75\u753b\u3092\u63cf\u304d\u3001\u7279\u6b8a\u306a\u624d\u80fd\u3092\u958b\u82b1\u3055\u305b\u305f\u753b\u5bb6\u305f\u3061\u306e\u3053\u3068\u3092\u3044\u3046\u3002<br><br><\/p>\n\n\n\n<figure class=\"wp-block-image\"><img loading=\"lazy\" width=\"1000\" height=\"765\" src=\"https:\/\/sumau.com\/2019-n\/wp-content\/uploads\/sites\/2\/2019\/09\/2-2.jpg\" alt=\"\" class=\"wp-image-744\" srcset=\"https:\/\/sumau.com\/2019-n\/wp-content\/uploads\/sites\/2\/2019\/09\/2-2.jpg 1000w, https:\/\/sumau.com\/2019-n\/wp-content\/uploads\/sites\/2\/2019\/09\/2-2-300x230.jpg 300w, https:\/\/sumau.com\/2019-n\/wp-content\/uploads\/sites\/2\/2019\/09\/2-2-768x588.jpg 768w, https:\/\/sumau.com\/2019-n\/wp-content\/uploads\/sites\/2\/2019\/09\/2-2-850x650.jpg 850w, https:\/\/sumau.com\/2019-n\/wp-content\/uploads\/sites\/2\/2019\/09\/2-2-627x480.jpg 627w, https:\/\/sumau.com\/2019-n\/wp-content\/uploads\/sites\/2\/2019\/09\/2-2-125x96.jpg 125w, https:\/\/sumau.com\/2019-n\/wp-content\/uploads\/sites\/2\/2019\/09\/2-2-235x180.jpg 235w\" sizes=\"(max-width: 1000px) 100vw, 1000px\" \/><\/figure>\n\n\n\n<div style=\"font-size: 12px;\">Andr\u00e9 Bauchant \/ Les Baigneuses, vers 1923, Huile sur toile, 102,5 x 133 cm, Collection particuli\u00e8re \u00a9Adagp, Paris, 2019<\/div>\n\n\n\n<p> <br>\u30d1\u30ea7\u533a\u3001\u65e5\u672c\u4eba\u306b\u3082\u3088\u304f\u77e5\u3089\u308c\u308b\u767e\u8ca8\u5e97\u300c\u30eb\u30fb\u30dc\u30f3\u30fb\u30de\u30eb\u30b7\u30a7\u300d\u306b\u8fd1\u3044\u30de\u30a4\u30e8\u30fc\u30eb\u7f8e\u8853\u9928\u3067\u306f\u5c55\u89a7\u4f1a\u300e\u7a0e\u95a2\u540f\u30eb\u30bd\u30fc\u304b\u3089\u30bb\u30e9\u30d5\u30a3\u30fc\u30cc\u307e\u3067 \uff5e \u7d20\u6734\u6d3e\u306e\u5de8\u5320\u305f\u3061\u300f\u304c\u59cb\u307e\u308a\u30012020\u5e741\u670819\u65e5\u307e\u3067\u3064\u3065\u304f\u3002\u300c\u7d20\u6734\u6d3e\u300d\u3068\u540d\u3065\u3051\u3089\u308c\u3066\u306f\u3044\u308b\u304c\u7f8e\u8853\u754c\u3067\u306f\u3044\u308f\u3086\u308b\u30a2\u30a6\u30c8\u30b5\u30a4\u30c0\u30fc\u3067\u3042\u308a\u3001\u3053\u3046\u3057\u3066\u5c55\u89a7\u4f1a\u3068\u3057\u3066\u307e\u3068\u3081\u3066\u7d39\u4ecb\u3055\u308c\u308b\u306e\u306f\u3068\u3066\u3082\u8cb4\u91cd\u306a\u6a5f\u4f1a\u3068\u306a\u308b\u3002<br><br><br> \u30d5\u30e9\u30f3\u30b9\u4eba\u3092\u4e2d\u5fc3\u306b\u5c55\u793a\u3055\u308c\u308b\u672c\u5c55\u306e\u4e2d\u3067\u306e\u6ce8\u76ee\u306f\u3001\u5973\u6d41\u753b\u5bb6\u30bb\u30e9\u30d5\u30a3\u30fc\u30cc\u30fb\u30eb\u30a4\u306e\u4f5c\u54c1\u3060\u3002<br><br><\/p>\n\n\n\n<figure class=\"wp-block-image\"><img loading=\"lazy\" width=\"794\" height=\"1024\" src=\"https:\/\/sumau.com\/2019-n\/wp-content\/uploads\/sites\/2\/2019\/09\/3-2-794x1024.jpg\" alt=\"\" class=\"wp-image-745\" srcset=\"https:\/\/sumau.com\/2019-n\/wp-content\/uploads\/sites\/2\/2019\/09\/3-2-794x1024.jpg 794w, https:\/\/sumau.com\/2019-n\/wp-content\/uploads\/sites\/2\/2019\/09\/3-2-233x300.jpg 233w, https:\/\/sumau.com\/2019-n\/wp-content\/uploads\/sites\/2\/2019\/09\/3-2-768x990.jpg 768w, https:\/\/sumau.com\/2019-n\/wp-content\/uploads\/sites\/2\/2019\/09\/3-2-504x650.jpg 504w, https:\/\/sumau.com\/2019-n\/wp-content\/uploads\/sites\/2\/2019\/09\/3-2-372x480.jpg 372w, https:\/\/sumau.com\/2019-n\/wp-content\/uploads\/sites\/2\/2019\/09\/3-2-74x96.jpg 74w, https:\/\/sumau.com\/2019-n\/wp-content\/uploads\/sites\/2\/2019\/09\/3-2-140x180.jpg 140w, https:\/\/sumau.com\/2019-n\/wp-content\/uploads\/sites\/2\/2019\/09\/3-2.jpg 1000w\" sizes=\"(max-width: 794px) 100vw, 794px\" \/><\/figure>\n\n\n\n<div style=\"font-size: 12px;\">S\u00e9raphine Louis \/ Les Grappes de raisin, vers 1930, huile sur toile, 146 x 114 cm, Collection particuli\u00e8re, Photo : \u00a9 Jean-Louis Losi<\/div>\n\n\n\n<p><br> \u305d\u306e\u540d\u3092\u805e\u3044\u3066\u601d\u3044\u51fa\u3059\u306e\u306f\u30012009\u5e74\u30d5\u30e9\u30f3\u30b9\u6620\u753b\u754c\u306e\u30a2\u30ab\u30c7\u30df\u30fc\u8cde\u3068\u3082\u3044\u308f\u308c\u308b\u300c\u30bb\u30b6\u30fc\u30eb\u300d\u8cde\u3067\u4f5c\u54c1\u8cde\u3001\u4e3b\u6f14\u5973\u512a\u8cde\u3092\u306f\u3058\u30817\u3064\u306e\u90e8\u9580\u3092\u53d7\u8cde\u3057\u305f\u6620\u753b\u300e\u30bb\u30e9\u30d5\u30a3\u30fc\u30cc\u306e\u5ead\u300f\u3002\u3053\u306e\u4f5c\u54c1\u306f\u65e5\u672c\u3067\u3082\u8a71\u984c\u306b\u306a\u3063\u305f\u3002<br><br> \u3053\u306e\u6620\u753b\u306e\u4e3b\u4eba\u516c\u304c\u3001\u30bb\u30e9\u30d5\u30a3\u30fc\u30cc\u30fb\u30eb\u30a4\u3002\u5f7c\u5973\u306f1864\u5e74\u306b\u30d1\u30ea\u8fd1\u90ca\u306e\u753a\u306b\u751f\u307e\u308c\u305f\u753b\u5bb6\u3060\u3063\u305f\u3002\u300c\u753b\u5bb6\u300d\u3068\u3044\u3063\u3066\u3082\u7f8e\u8853\u306e\u6559\u80b2\u306f\u4e00\u5207\u53d7\u3051\u305f\u3053\u3068\u304c\u306a\u304f\u3001\u3080\u3057\u308d\u6975\u3081\u3066\u8ca7\u3057\u3044\u8fb2\u6751\u306e\u751f\u6d3b\u306e\u4e2d\u3067\u3001\u5bb6\u755c\u306e\u4e16\u8a71\u3084\u4f4f\u307f\u8fbc\u307f\u306e\u5bb6\u653f\u5a66\u3092\u3057\u306a\u304c\u3089\u305d\u306e\u65e5\u66ae\u3089\u3057\u3092\u3057\u3066\u3044\u305f\u3002<br><br> \u5f7c\u5973\u306f\u591c\u306b\u306a\u308b\u3068\u3001\u663c\u306b\u6458\u3093\u3067\u3042\u3063\u305f\u82b1\u3084\u8349\u3001\u4ed5\u4e8b\u5834\u3067\u304f\u3059\u306d\u305f\u52d5\u7269\u306e\u8840\u3084\u6559\u4f1a\u306e\u874b\u30fb\u7cbe\u6cb9\u306a\u3069\u3042\u3089\u3086\u308b\u8eab\u8fd1\u306a\u7d20\u6750\u304b\u3089\u7d75\u306e\u5177\u3092\u3064\u304f\u3063\u3066\u7d75\u3092\u63cf\u304f\u3002\u5f7c\u5973\u304c\u3064\u3064\u307e\u3057\u3044\u4ed5\u4e8b\u3067\u7a3c\u3044\u3060\u304a\u91d1\u3067\u8cb7\u3046\u552f\u4e00\u306e\u9ad8\u4fa1\u306a\u3082\u306e\u306f\u300c\u767d\u3044\u7d75\u306e\u5177\u300d\u3002\u81ea\u7136\u306e\u7d20\u6750\u3067\u306f\u4f5c\u308c\u306a\u3044\u304b\u3089\u3060\u3002<br><br><\/p>\n\n\n\n<figure class=\"wp-block-image\"><img loading=\"lazy\" width=\"830\" height=\"1024\" src=\"https:\/\/sumau.com\/2019-n\/wp-content\/uploads\/sites\/2\/2019\/09\/4-2-830x1024.jpg\" alt=\"\" class=\"wp-image-746\" srcset=\"https:\/\/sumau.com\/2019-n\/wp-content\/uploads\/sites\/2\/2019\/09\/4-2-830x1024.jpg 830w, https:\/\/sumau.com\/2019-n\/wp-content\/uploads\/sites\/2\/2019\/09\/4-2-243x300.jpg 243w, https:\/\/sumau.com\/2019-n\/wp-content\/uploads\/sites\/2\/2019\/09\/4-2-768x948.jpg 768w, https:\/\/sumau.com\/2019-n\/wp-content\/uploads\/sites\/2\/2019\/09\/4-2-527x650.jpg 527w, https:\/\/sumau.com\/2019-n\/wp-content\/uploads\/sites\/2\/2019\/09\/4-2-389x480.jpg 389w, https:\/\/sumau.com\/2019-n\/wp-content\/uploads\/sites\/2\/2019\/09\/4-2-78x96.jpg 78w, https:\/\/sumau.com\/2019-n\/wp-content\/uploads\/sites\/2\/2019\/09\/4-2-146x180.jpg 146w, https:\/\/sumau.com\/2019-n\/wp-content\/uploads\/sites\/2\/2019\/09\/4-2.jpg 1000w\" sizes=\"(max-width: 830px) 100vw, 830px\" \/><\/figure>\n\n\n\n<div style=\"font-size: 12px;\">S\u00e9raphine Louis \/ Feuilles diapr\u00e9es sur fond bleu, 1929, Huile sur toile, 55 x 46 cm, Collection particuli\u00e8re<\/div>\n\n\n\n<p> <br>\u300c\u5b88\u8b77\u5929\u4f7f\u306e\u304a\u544a\u3052\u300d\u3092\u53d7\u3051\u306640\u6b73\u3059\u304e\u304b\u3089\u59cb\u3081\u305f\u3068\u3044\u3046\u7d75\u306f\u3001\u5f7c\u5973\u306e\u66ae\u3089\u3057\u304b\u3089\u306f\u60f3\u50cf\u3082\u3064\u304b\u306a\u3044\u30a8\u30cd\u30eb\u30ae\u30c3\u30b7\u30e5\u306a\u82b1\u3084\u6728\u3084\u679c\u7269\u3002\u4f7f\u7528\u4eba\u3068\u3057\u3066\u3064\u3089\u3044\u76ee\u306b\u3082\u3042\u3063\u3066\u304d\u305f\u5f7c\u5973\u306f\u3001\u81ea\u7136\u306e\u4e2d\u3067\u690d\u7269\u306a\u3069\u306b\u8a71\u3057\u304b\u3051\u3066\u3044\u305f\u3068\u3044\u3046\u304c\u3001\u4ed6\u4eba\u306b\u306f\u611f\u3058\u306a\u3044\u4f55\u304b\u3092\u305d\u3053\u306b\u898b\u3066\u3044\u305f\u306e\u304b\u3082\u3057\u308c\u306a\u3044\u3002<br><br> \u305d\u306e\u7d75\u3092\u3001\u305f\u307e\u305f\u307e\u5f7c\u5973\u304c\u5bb6\u653f\u5a66\u3092\u52d9\u3081\u308b\u5c4b\u6577\u306b\u9593\u501f\u308a\u3057\u305f\u30c9\u30a4\u30c4\u4eba\u7f8e\u8853\u6279\u8a55\u5bb6\u3067\u3042\u308a\u753b\u5546\u306e\u30a6\u30a3\u30eb\u30d8\u30eb\u30e0\u30fb\u30a6\u30fc\u30c7\u304c\u767a\u898b\u3002\u8ab0\u306b\u3082\u771f\u4f3c\u306e\u51fa\u6765\u306a\u3044\u3088\u3046\u306a\u5f7c\u5973\u306e\u4f5c\u98a8\u306b\u5727\u5012\u3055\u308c\u308b\u3002<br><br><\/p>\n\n\n\n<figure class=\"wp-block-image\"><img loading=\"lazy\" width=\"677\" height=\"1024\" src=\"https:\/\/sumau.com\/2019-n\/wp-content\/uploads\/sites\/2\/2019\/09\/5-2-677x1024.jpg\" alt=\"\" class=\"wp-image-747\" srcset=\"https:\/\/sumau.com\/2019-n\/wp-content\/uploads\/sites\/2\/2019\/09\/5-2-677x1024.jpg 677w, https:\/\/sumau.com\/2019-n\/wp-content\/uploads\/sites\/2\/2019\/09\/5-2-198x300.jpg 198w, https:\/\/sumau.com\/2019-n\/wp-content\/uploads\/sites\/2\/2019\/09\/5-2-768x1161.jpg 768w, https:\/\/sumau.com\/2019-n\/wp-content\/uploads\/sites\/2\/2019\/09\/5-2-430x650.jpg 430w, https:\/\/sumau.com\/2019-n\/wp-content\/uploads\/sites\/2\/2019\/09\/5-2-317x480.jpg 317w, https:\/\/sumau.com\/2019-n\/wp-content\/uploads\/sites\/2\/2019\/09\/5-2-63x96.jpg 63w, https:\/\/sumau.com\/2019-n\/wp-content\/uploads\/sites\/2\/2019\/09\/5-2-119x180.jpg 119w, https:\/\/sumau.com\/2019-n\/wp-content\/uploads\/sites\/2\/2019\/09\/5-2.jpg 1000w\" sizes=\"(max-width: 677px) 100vw, 677px\" \/><\/figure>\n\n\n\n<div style=\"font-size: 12px;\">S\u00e9raphine Louis \/ Bouquet de mimosas, 1925, Huile sur toile, 147,5 x 98 cm, Laval, mus\u00e9e d\u2019Art na\u00effs et des Arts singuliers, Clich\u00e9 Ville de Laval<\/div>\n\n\n\n<p><br> \u5f7c\u306f\u3059\u3050\u306b\u30bb\u30e9\u30d5\u30a3\u30fc\u30cc\u306e\u4f5c\u54c1\u3092\u8cb7\u3044\u3001\u5f7c\u5973\u306f\u6b32\u3057\u304b\u3063\u305f\u753b\u6750\u3084\u30ad\u30e3\u30f3\u30d0\u30b9\u3092\u624b\u306b\u5165\u308c\u7d75\u3092\u7d9a\u3051\u308b\u3002\u3057\u304b\u3057\u7b2c\u4e00\u6b21\u4e16\u754c\u5927\u6226\u304c\u59cb\u307e\u308a\u3001\u6575\u56fd\u30c9\u30a4\u30c4\u4eba\u306e\u30a6\u30fc\u30c7\u306f\u30d5\u30e9\u30f3\u30b9\u3092\u96e2\u308c\u308b\u3053\u3068\u306b\u3002\u5f7c\u5973\u306f\u8ca7\u3057\u3044\u5bb6\u653f\u5a66\u306e\u751f\u6d3b\u306b\u623b\u308b\u3002<br><br> \u7d42\u6226\u5f8c\u3001\u4e8c\u4eba\u306f\u518d\u4f1a\u3002\u8ca7\u56f0\u304b\u3089\u629c\u3051\u51fa\u305b\u3066\u3044\u306a\u3044\u30bb\u30e9\u30d5\u30a3\u30fc\u30cc\u306f\u305d\u308c\u3067\u3082\u7d75\u3092\u4e0a\u9054\u3055\u305b\u3066\u3044\u305f\u3002\u30a6\u30fc\u30c7\u306f\u30d1\u30ea\u3067\u30a2\u30f3\u30ea\u30fb\u30eb\u30bd\u30fc\u306a\u3069\u3068\u5171\u306b\u5f7c\u5973\u3092\u5c55\u793a\u3002\u3059\u3050\u306b\u30b3\u30ec\u30af\u30bf\u30fc\u304c\u3064\u304d\u3001\u30bb\u30e9\u30d5\u30a3\u30fc\u30cc\u306f\u4e00\u77ac\u306e\u300c\u7406\u60f3\u7684\u306a\u753b\u5bb6\u300d\u306e\u6642\u9593\u3092\u7d4c\u9a13\u3059\u308b\u304c\u3001\u4eca\u5ea6\u306f\u300c\u4e16\u754c\u6050\u614c\u300d\u306e\u6ce2\u304c\u5f7c\u3089\u3092\u8972\u3046\u3002\u771f\u3063\u5148\u306b\u30a2\u30fc\u30c8\u304c\u58f2\u308c\u306a\u304f\u306a\u3063\u3066\u30a6\u30fc\u30c7\u3082\u8ca1\u653f\u57fa\u76e4\u3092\u5931\u3044\u3001\u5f7c\u5973\u3078\u306e\u652f\u63f4\u3092\u3084\u3081\u3066\u3057\u307e\u3046\u3002\u5931\u610f\u306e\u4e2d\u3067\u5f7c\u5973\u306f\u5fc3\u3092\u60a3\u3044\u3001\u7d75\u3092\u63cf\u304f\u3053\u3068\u3082\u3084\u3081\u3001\u7b2c\u4e8c\u6b21\u4e16\u754c\u5927\u6226\u4e2d\u306b\u7cbe\u795e\u75c5\u9662\u3067\u4ea1\u304f\u306a\u3063\u3066\u3057\u307e\u3046\u306e\u3060\u3063\u305f\u3002<br><br><br> \u300c\u7d20\u6734\u6d3e\u300d\u306e\u4f5c\u5bb6\u305f\u3061\u306f\u3001\u3053\u306e\u30bb\u30e9\u30d5\u30a3\u30fc\u30cc\u30fb\u30eb\u30a4\u306e\u3088\u3046\u306b\u3001\u81ea\u3089\u306e\u60c5\u71b1\u3084\u4fe1\u5ff5\u306e\u8da3\u304f\u307e\u307e\u306b\u7d75\u3092\u63cf\u3044\u305f\u3002\u6559\u5b98\u3082\u3044\u306a\u3044\u304b\u3089\u3001\u904e\u53bb\u306e\u753b\u5bb6\u3084\u6280\u8853\u306b\u3068\u3089\u308f\u308c\u308b\u3053\u3068\u306a\u304f\u3001\u5148\u5165\u89b3\u3082\u306a\u304f\u3001\u305f\u3060\u5922\u60f3\u5bb6\u3068\u3057\u3066\u306e\u7121\u5c3d\u8535\u306a\u60f3\u50cf\u306e\u529b\u3067\u3001\u57f7\u62d7\u306a\u307e\u3067\u306b\u4f5c\u54c1\u306b\u5411\u304b\u3044\u3064\u3065\u3051\u308b\u3002\u3060\u304b\u3089\u3053\u305d\u3001\u6642\u306b\u8ab0\u306e\u601d\u3044\u3082\u5bc4\u3089\u306a\u3044\u3001\u5e38\u8b58\u3092\u8d8a\u3048\u305f\u7d20\u6674\u3089\u3057\u3044\u4f5c\u54c1\u304c\u751f\u307e\u308c\u308b\u306e\u3060\u3002<br><br><br> \u540c\u3058\u6642\u671f\u306b\u3001\u3084\u306f\u308a\u30a6\u30a3\u30eb\u30d8\u30eb\u30e0\u30fb\u30a6\u30fc\u30c7\u306b\u3088\u3063\u3066\u898b\u3044\u3060\u3055\u308c\u305f\u30ab\u30df\u30fc\u30e6\u30fb\u30dc\u30f3\u30dc\u30ef\u3082\u305d\u306e\u300c\u7d20\u6734\u6d3e\u300d\u306e\u4e00\u4eba\u3060\u3002<br><br><\/p>\n\n\n\n<figure class=\"wp-block-image\"><img loading=\"lazy\" width=\"842\" height=\"1024\" src=\"https:\/\/sumau.com\/2019-n\/wp-content\/uploads\/sites\/2\/2019\/09\/6-2-842x1024.jpg\" alt=\"\" class=\"wp-image-748\" srcset=\"https:\/\/sumau.com\/2019-n\/wp-content\/uploads\/sites\/2\/2019\/09\/6-2-842x1024.jpg 842w, https:\/\/sumau.com\/2019-n\/wp-content\/uploads\/sites\/2\/2019\/09\/6-2-247x300.jpg 247w, https:\/\/sumau.com\/2019-n\/wp-content\/uploads\/sites\/2\/2019\/09\/6-2-768x934.jpg 768w, https:\/\/sumau.com\/2019-n\/wp-content\/uploads\/sites\/2\/2019\/09\/6-2-535x650.jpg 535w, https:\/\/sumau.com\/2019-n\/wp-content\/uploads\/sites\/2\/2019\/09\/6-2-395x480.jpg 395w, https:\/\/sumau.com\/2019-n\/wp-content\/uploads\/sites\/2\/2019\/09\/6-2-79x96.jpg 79w, https:\/\/sumau.com\/2019-n\/wp-content\/uploads\/sites\/2\/2019\/09\/6-2-148x180.jpg 148w, https:\/\/sumau.com\/2019-n\/wp-content\/uploads\/sites\/2\/2019\/09\/6-2.jpg 1000w\" sizes=\"(max-width: 842px) 100vw, 842px\" \/><\/figure>\n\n\n\n<div style=\"font-size: 12px;\">Camille Bombois \/ Fillette \u00e0 la poup\u00e9e, 1925, Huile sur toile, 55 x 46,5 cm, Collection particuli\u00e8re, Photo : \u00a9 Jean-Louis Losi \u00a9 Adagp, Paris, 2019<\/div>\n\n\n\n<p> <br>\u30ab\u30df\u30fc\u30e6\u30fb\u30dc\u30f3\u30dc\u30ef\u306f\u3001\u5357\u4ecf\u306e\u3042\u308b\u753a\u3067\u6c34\u4e0a\u306e\u7269\u58f2\u308a\u306e\u606f\u5b50\u3068\u3057\u3066\u751f\u307e\u308c\u305f\u3002\u8155\u3063\u3077\u3057\u306e\u5f37\u3055\u304b\u3089\u30b5\u30fc\u30ab\u30b9\u306e\u30ec\u30b9\u30e9\u30fc\u306b\u306a\u308a\u3001\u540c\u6642\u306b\u7d75\u3092\u63cf\u304d\u59cb\u3081\u305f\u3068\u3044\u3046\u5909\u308f\u3063\u305f\u7d4c\u6b74\u3092\u6301\u3064\u3002\u61a7\u308c\u3060\u3063\u305f\u30d1\u30ea\u306b\u51fa\u3066\u304d\u3066\u5730\u4e0b\u9244\u306e\u5de5\u4e8b\u3084\u5370\u5237\u5de5\u306e\u4ed5\u4e8b\u306a\u3069\u3082\u3053\u306a\u3057\u306a\u304c\u3089\u3001\u6b8b\u3063\u305f\u6642\u9593\u3092\u4f7f\u3063\u3066\u7d75\u3092\u63cf\u304d\u7d9a\u3051\u305f\u3068\u3044\u3046\u3002<br><br> \u5fb4\u5175\u3055\u308c\u305f\u7b2c\u4e00\u6b21\u4e16\u754c\u5927\u6226\u306e\u6226\u5834\u3067\u529f\u7e3e\u3092\u6319\u3052\u3066\u5e30\u9084\u3059\u308b\u3068\u3001\u5f7c\u306e\u7d75\u306f\u8a69\u4eba\u306e\u30ce\u30a8\u30eb\u30fb\u30d3\u30e5\u30fc\u30ed\u30fc\u306e\u76ee\u306b\u7559\u307e\u308a\u3001\u30d1\u30ea\u306e\u30e2\u30f3\u30de\u30eb\u30c8\u30eb\u3067\u5c55\u793a\u3055\u308c\u308b\u3002\u3084\u304c\u3066\u96d1\u8a8c\u306b\u8f09\u308b\u306a\u3069\u3059\u308b\u3046\u3061\u306b\u3001\u30a6\u30a3\u30ea\u30a2\u30e0\u30fb\u30a6\u30fc\u30c7\u306a\u3069\u753b\u5546\u306b\u3082\u6271\u308f\u308c\u308b\u3088\u3046\u306b\u306a\u308a\u300142\u6b73\u3092\u904e\u304e\u3066\u3088\u3046\u3084\u304f\u753b\u5bb6\u3068\u3057\u3066\u751f\u6d3b\u3067\u304d\u308b\u3088\u3046\u306b\u306a\u308b\u306e\u3060\u3063\u305f\u3002<br><br><\/p>\n\n\n\n<figure class=\"wp-block-image\"><img loading=\"lazy\" width=\"809\" height=\"1024\" src=\"https:\/\/sumau.com\/2019-n\/wp-content\/uploads\/sites\/2\/2019\/09\/7-2-809x1024.jpg\" alt=\"\" class=\"wp-image-749\" srcset=\"https:\/\/sumau.com\/2019-n\/wp-content\/uploads\/sites\/2\/2019\/09\/7-2-809x1024.jpg 809w, https:\/\/sumau.com\/2019-n\/wp-content\/uploads\/sites\/2\/2019\/09\/7-2-237x300.jpg 237w, https:\/\/sumau.com\/2019-n\/wp-content\/uploads\/sites\/2\/2019\/09\/7-2-768x972.jpg 768w, https:\/\/sumau.com\/2019-n\/wp-content\/uploads\/sites\/2\/2019\/09\/7-2-514x650.jpg 514w, https:\/\/sumau.com\/2019-n\/wp-content\/uploads\/sites\/2\/2019\/09\/7-2-379x480.jpg 379w, https:\/\/sumau.com\/2019-n\/wp-content\/uploads\/sites\/2\/2019\/09\/7-2-76x96.jpg 76w, https:\/\/sumau.com\/2019-n\/wp-content\/uploads\/sites\/2\/2019\/09\/7-2-142x180.jpg 142w, https:\/\/sumau.com\/2019-n\/wp-content\/uploads\/sites\/2\/2019\/09\/7-2.jpg 1000w\" sizes=\"(max-width: 809px) 100vw, 809px\" \/><\/figure>\n\n\n\n<div style=\"font-size: 12px;\">Camille Bombois\/ Portrait de femme (Madame Meyer-Mekler), 1928, Huile sur toile, 41,3 X 33 cm, Collection particuli\u00e8re \u00a9 Adagp, Paris, 2019<\/div>\n\n\n\n<p><br> \u5f7c\u306e\u7d75\u306b\u306f\u30b5\u30fc\u30ab\u30b9\u6642\u4ee3\u3084\u5b50\u4f9b\u306e\u9803\u306e\u6c34\u8fba\u306e\u60c5\u666f\u304c\u591a\u304f\u63cf\u304b\u308c\u308b\u3002\u3075\u304f\u3088\u304b\u306a\u5973\u6027\u304c\u30e2\u30c7\u30eb\u306b\u306a\u3063\u305f\u7d75\u3082\u591a\u304f\u3001\u305d\u3053\u306b\u306f\u540c\u3058\u6642\u4ee3\u306e\u753b\u5bb6\u306e\u8ab0\u3068\u3082\u9055\u3046\u3001\u4eba\u306b\u5bfe\u3059\u308b\u8c4a\u304b\u306a\u60c5\u611f\u3084\u3001\u751f\u306e\u30a8\u30cd\u30eb\u30ae\u30fc\u306e\u3088\u3046\u306a\u529b\u5f37\u3055\u304c\u611f\u3058\u3089\u308c\u308b\u3002\u4eba\u7269\u306e\u30dc\u30ea\u30e5\u30fc\u30e0\u3084\u69cb\u56f3\u306f\u6642\u306b\u4e0d\u81ea\u7136\u3060\u304c\u5999\u306b\u30d0\u30e9\u30f3\u30b9\u304c\u3068\u308c\u3001\u753b\u9762\u5168\u4f53\u3092\u5f15\u304d\u7de0\u3081\u308b\u300c\u9ed2\u300d\u306e\u4f7f\u3044\u65b9\u3082\u72ec\u7279\u3060\u3002<br><br><\/p>\n\n\n\n<figure class=\"wp-block-image\"><img loading=\"lazy\" width=\"802\" height=\"1024\" src=\"https:\/\/sumau.com\/2019-n\/wp-content\/uploads\/sites\/2\/2019\/09\/8-2-802x1024.jpg\" alt=\"\" class=\"wp-image-751\" srcset=\"https:\/\/sumau.com\/2019-n\/wp-content\/uploads\/sites\/2\/2019\/09\/8-2-802x1024.jpg 802w, https:\/\/sumau.com\/2019-n\/wp-content\/uploads\/sites\/2\/2019\/09\/8-2-235x300.jpg 235w, https:\/\/sumau.com\/2019-n\/wp-content\/uploads\/sites\/2\/2019\/09\/8-2-768x981.jpg 768w, https:\/\/sumau.com\/2019-n\/wp-content\/uploads\/sites\/2\/2019\/09\/8-2-509x650.jpg 509w, https:\/\/sumau.com\/2019-n\/wp-content\/uploads\/sites\/2\/2019\/09\/8-2-376x480.jpg 376w, https:\/\/sumau.com\/2019-n\/wp-content\/uploads\/sites\/2\/2019\/09\/8-2-75x96.jpg 75w, https:\/\/sumau.com\/2019-n\/wp-content\/uploads\/sites\/2\/2019\/09\/8-2-141x180.jpg 141w, https:\/\/sumau.com\/2019-n\/wp-content\/uploads\/sites\/2\/2019\/09\/8-2.jpg 1000w\" sizes=\"(max-width: 802px) 100vw, 802px\" \/><\/figure>\n\n\n\n<div style=\"font-size: 12px;\">Camille Bombois \/ La Grosse Fermi\u00e8re sur son \u00e9chelle, 1935, Huile sur toile, 100 x 81 cm, Courtesy galerie Dina Vierny, Paris \u00a9 Adagp, Paris, 2019<\/div>\n\n\n\n<p> <br>\u4ed6\u306b\u3082\u5c55\u89a7\u4f1a\u306f\u300c\u7d20\u6734\u6d3e\u300d\u306e\u307e\u3055\u306b\u5de8\u5320\u3068\u3044\u3048\u308b\u7a0e\u95a2\u540f\u306e\u30a2\u30f3\u30ea\u30fb\u30eb\u30bd\u30fc\u3001\u5712\u82b8\u5bb6\u306e\u304b\u305f\u308f\u3089\u72ec\u5b66\u3067\u7d75\u3092\u63cf\u304d\u3001\u6700\u5f8c\u306f\u5efa\u7bc9\u5bb6\u306e\u30eb\u30fb\u30b3\u30eb\u30d3\u30e5\u30b8\u30a8\u306a\u3069\u306b\u898b\u3044\u3060\u3055\u308c\u305f\u30a2\u30f3\u30c9\u30ec\u30fb\u30dc\u30fc\u30b7\u30e3\u30f3\u3001\u90f5\u4fbf\u8077\u54e1\u306e\u30eb\u30a4\u30fb\u30f4\u30a3\u30f4\u30a1\u30f3\u306a\u3069\u3001\u3053\u306e\u5f53\u6642\u5076\u7136\u306b\u300c\u767a\u6398\u300d\u3055\u308c\u3001\u7d50\u679c\u7684\u306b\u6b74\u53f2\u306b\u540d\u3092\u6b8b\u3057\u305f\u753b\u5bb6\u305f\u3061\u3092\u4e00\u5802\u306b\u7d39\u4ecb\u3059\u308b\u3002<br><br><\/p>\n\n\n\n<figure class=\"wp-block-image\"><img loading=\"lazy\" width=\"1000\" height=\"699\" src=\"https:\/\/sumau.com\/2019-n\/wp-content\/uploads\/sites\/2\/2019\/09\/9-1.jpg\" alt=\"\" class=\"wp-image-750\" srcset=\"https:\/\/sumau.com\/2019-n\/wp-content\/uploads\/sites\/2\/2019\/09\/9-1.jpg 1000w, https:\/\/sumau.com\/2019-n\/wp-content\/uploads\/sites\/2\/2019\/09\/9-1-300x210.jpg 300w, https:\/\/sumau.com\/2019-n\/wp-content\/uploads\/sites\/2\/2019\/09\/9-1-768x537.jpg 768w, https:\/\/sumau.com\/2019-n\/wp-content\/uploads\/sites\/2\/2019\/09\/9-1-930x650.jpg 930w, https:\/\/sumau.com\/2019-n\/wp-content\/uploads\/sites\/2\/2019\/09\/9-1-640x447.jpg 640w, https:\/\/sumau.com\/2019-n\/wp-content\/uploads\/sites\/2\/2019\/09\/9-1-137x96.jpg 137w, https:\/\/sumau.com\/2019-n\/wp-content\/uploads\/sites\/2\/2019\/09\/9-1-258x180.jpg 258w\" sizes=\"(max-width: 1000px) 100vw, 1000px\" \/><\/figure>\n\n\n\n<div style=\"font-size: 12px;\">Henri Rousseau dit le Douanier Rousseau \/ Deux Lions \u00e0 l&#8217;aff\u00fbt dans la jungle, 1909-1910, Huile sur toile, 84,5 x 119,8 cm, Collection particuli\u00e8re. Photo : Archives de l\u2019H\u00f4tel des Ventes de Monte-Carlo<\/div>\n\n\n\n<figure class=\"wp-block-image\"><img loading=\"lazy\" width=\"1000\" height=\"723\" src=\"https:\/\/sumau.com\/2019-n\/wp-content\/uploads\/sites\/2\/2019\/09\/10-1.jpg\" alt=\"\" class=\"wp-image-741\" srcset=\"https:\/\/sumau.com\/2019-n\/wp-content\/uploads\/sites\/2\/2019\/09\/10-1.jpg 1000w, https:\/\/sumau.com\/2019-n\/wp-content\/uploads\/sites\/2\/2019\/09\/10-1-300x217.jpg 300w, https:\/\/sumau.com\/2019-n\/wp-content\/uploads\/sites\/2\/2019\/09\/10-1-768x555.jpg 768w, https:\/\/sumau.com\/2019-n\/wp-content\/uploads\/sites\/2\/2019\/09\/10-1-899x650.jpg 899w, https:\/\/sumau.com\/2019-n\/wp-content\/uploads\/sites\/2\/2019\/09\/10-1-640x463.jpg 640w, https:\/\/sumau.com\/2019-n\/wp-content\/uploads\/sites\/2\/2019\/09\/10-1-133x96.jpg 133w, https:\/\/sumau.com\/2019-n\/wp-content\/uploads\/sites\/2\/2019\/09\/10-1-249x180.jpg 249w\" sizes=\"(max-width: 1000px) 100vw, 1000px\" \/><\/figure>\n\n\n\n<div style=\"font-size: 12px;\">Dominique Peyronnet \/La For\u00eat, Non dat\u00e9, Huile sur toile, 61 x 81 cm, Nice, Mus\u00e9e International d\u2019art na\u00eff Anatole Jakovsky \u2013 Ville de Nice \u00a9 Ville de Nice<\/div>\n\n\n\n<p> <br>19\u4e16\u7d00\u306e\u7d42\u308f\u308a\u9803\u304b\u308920\u4e16\u7d00\u524d\u534a\u3068\u3044\u3048\u3070\u3001\u305d\u308c\u307e\u3067\u306e\u4f1d\u7d71\u7684\u306a\u7d75\u753b\u306e\u4e16\u754c\u304c\u89e3\u4f53\u3055\u308c\u3001\u305d\u306e\u63cf\u304d\u65b9\u3082\u30e2\u30c1\u30fc\u30d5\u3082\u3059\u3079\u3066\u304c\u5927\u304d\u304f\u5909\u5316\u3057\u3066\u3044\u305f\u6642\u3060\u3063\u305f\u3002\u53e4\u3044\u753b\u58c7\u306b\u5bfe\u6297\u3057\u3066\u3001\u3042\u3048\u3066\u5909\u308f\u3063\u305f\u3082\u306e\u3001\u7a81\u98db\u306a\u3082\u306e\u3092\u6c42\u3081\u3066\u3044\u305f\u6642\u4ee3\u3060\u3063\u305f\u3068\u3044\u3046\u3053\u3068\u3082\u3001\u3053\u3046\u3057\u305f\u7d20\u6734\u6d3e\u306e\u8f1d\u304f\u539f\u77f3\u306e\u3088\u3046\u306a\u4f5c\u5bb6\u305f\u3061\u304c\u6ce8\u76ee\u3055\u308c\u305f\u7406\u7531\u3067\u3082\u3042\u308b\u306e\u3060\u308d\u3046\u3002<br><br> \u305f\u3060\u305d\u308c\u4ee5\u4e0a\u306b\u3001\u79c1\u305f\u3061\u306f\u3053\u3046\u3057\u305f\u7d20\u6734\u6d3e\u306e\u7d75\u306b\u5fc3\u3092\u63fa\u308a\u52d5\u304b\u3055\u308c\u308b\u4f55\u304b\u3092\u611f\u3058\u308b\u3002\u611f\u60c5\u306e\u307b\u3068\u3070\u3057\u308a\u3092\u6620\u3057\u305f\u8272\u5f69\u3002\u898b\u305f\u307e\u307e\u3001\u611f\u3058\u305f\u307e\u307e\u3001\u60f3\u50cf\u3057\u305f\u307e\u307e\u3092\u3001\u3072\u305f\u3059\u3089\u30ad\u30e3\u30f3\u30d0\u30b9\u306b\u843d\u3068\u3057\u8fbc\u3093\u3067\u3044\u3063\u305f\u30a4\u30e1\u30fc\u30b8\u30fb\u30fb\u30fb\u3002\u305d\u3053\u306b\u3042\u308b\u306e\u306f\u904e\u53bb\u306e\u7f8e\u8853\u306e\u6b74\u53f2\u3084\u4ed6\u4eba\u306e\u610f\u898b\u306a\u3069\u3068\u3044\u3063\u305f\u3082\u306e\u306b\u5de6\u53f3\u3055\u308c\u306a\u3044\u3001\u4f5c\u5bb6\u306e\u7d14\u7c8b\u306a\u300c\u76ee\u300d\u3067\u898b\u305f\u4e16\u754c\u89b3\u304c\u6301\u3064\u30d1\u30ef\u30fc\u3060\u3002\u767a\u6398\u3057\u305f\u306e\u304c\u30c9\u30a4\u30c4\u4eba\u306e\u30a6\u30fc\u30c7\u3084\u3001\u82f1\u7c73\u306e\u753b\u5546\u306a\u3069\u30d1\u30ea\u306b\u304a\u3051\u308b\u300c\u5916\u56fd\u4eba\u300d\u3067\u3042\u308b\u3053\u3068\u3082\u898b\u9003\u305b\u306a\u3044\u3002\u540c\u3058\u56fd\u306e\u300c\u7570\u8272\u300d\u306f\u5f80\u3005\u306b\u3057\u3066\u8efd\u8511\u3055\u308c\u3001\u305d\u306e\u65b0\u3057\u3055\u306b\u6c17\u3065\u3051\u306a\u3044\u3068\u3044\u3046\u306e\u306f\u3088\u304f\u3042\u308b\u8a71\u3060\u3002<br><br><br> \u300c\u30b3\u30f3\u30bb\u30d7\u30c8\u300d\u304c\u5168\u76db\u3068\u306a\u308a\u3001\u610f\u5473\u3092\u554f\u3046\u4f5c\u54c1\u306b\u91cd\u304d\u304c\u304a\u304b\u308c\u308b\u73fe\u4ee3\u306e\u30a2\u30fc\u30c8\u30b7\u30fc\u30f3\u3002\u6642\u306b\u306f\u3001\u539f\u59cb\u306e\u4eba\u9593\u304c\u6d1e\u7a9f\u306e\u58c1\u306b\u63cf\u3044\u305f\u3088\u3046\u306a\u300c\u7d20\u306e\u307e\u307e\u300d\u306e\u30a2\u30fc\u30c8\u306b\u76ee\u3092\u5411\u3051\u3066\u307f\u308b\u306e\u3082\u3044\u3044\u304b\u3082\u77e5\u308c\u306a\u3044\u3002<br><br><\/p>\n\n\n\n<figure class=\"wp-block-image\"><img loading=\"lazy\" width=\"567\" height=\"1024\" src=\"https:\/\/sumau.com\/2019-n\/wp-content\/uploads\/sites\/2\/2019\/09\/11-1-567x1024.jpg\" alt=\"\" class=\"wp-image-743\" srcset=\"https:\/\/sumau.com\/2019-n\/wp-content\/uploads\/sites\/2\/2019\/09\/11-1-567x1024.jpg 567w, https:\/\/sumau.com\/2019-n\/wp-content\/uploads\/sites\/2\/2019\/09\/11-1-166x300.jpg 166w, https:\/\/sumau.com\/2019-n\/wp-content\/uploads\/sites\/2\/2019\/09\/11-1-768x1386.jpg 768w, https:\/\/sumau.com\/2019-n\/wp-content\/uploads\/sites\/2\/2019\/09\/11-1-360x650.jpg 360w, https:\/\/sumau.com\/2019-n\/wp-content\/uploads\/sites\/2\/2019\/09\/11-1-266x480.jpg 266w, https:\/\/sumau.com\/2019-n\/wp-content\/uploads\/sites\/2\/2019\/09\/11-1-53x96.jpg 53w, https:\/\/sumau.com\/2019-n\/wp-content\/uploads\/sites\/2\/2019\/09\/11-1-100x180.jpg 100w, https:\/\/sumau.com\/2019-n\/wp-content\/uploads\/sites\/2\/2019\/09\/11-1.jpg 1000w\" sizes=\"(max-width: 567px) 100vw, 567px\" \/><\/figure>\n\n\n\n<div style=\"font-size: 12px;\">Ren\u00e9 Rimbert \/ Le Douanier Rousseau montant vers la gloire et entrant dans la post\u00e9rit\u00e9, 1926, Huile sur toile,<br>100 x 56 cm, Collection Pierre et Margaret Gu\u00e9n\u00e9gan \u00a9 Droits r\u00e9serv\u00e9s<\/div>\n\n\n\n<div style=\"color: #000000; font-weight: bold;\"><br \/><br \/>\u300e\u7a0e\u95a2\u540f\u30eb\u30bd\u30fc\u304b\u3089\u30bb\u30e9\u30d5\u30a3\u30fc\u30cc\u307e\u3067 \uff5e \u7d20\u6734\u6d3e\u306e\u5de8\u5320\u305f\u3061\u300f<\/div>\n\n\n\n<p>\n2019\u5e749\u670811\u65e5\u301c2020\u5e741\u670819\u65e5<br>\n10:30\u301c18:30\uff08\u91d1\u306f20:30\u307e\u3067\uff09\u671f\u9593\u4e2d\u7121\u4f11<br><br>\n\u30de\u30a4\u30e8\u30fc\u30eb\u7f8e\u8853\u9928\uff08\u30d5\u30e9\u30f3\u30b9\u30fb\u30d1\u30ea\uff09<br>\n61 rue de Grenelle, 75007 Paris, France<br>\n\u30a6\u30a7\u30d6\u30b5\u30a4\u30c8\u3000<a href=\"http:\/\/www.museemaillol.com\" target=\"_blank\" rel=\"noopener noreferrer\">www.museemaillol.com<\/a><br><br><br><br><\/p>\n\n\n\n<div style=\"color: #000000; font-weight: bold;\">\u6749\u6d66\u5cb3\u53f2\uff0f\u30e9\u30a4\u30bf\u30fc\u3001\u30a2\u30fc\u30c8\u30aa\u30fc\u30ac\u30ca\u30a4\u30b6\u30fc<\/div>\n\n\n\n<p>\n\u30b3\u30d4\u30fc\u30e9\u30a4\u30bf\u30fc\u3068\u3057\u3066\u5e83\u544a\u754c\u3067\u643a\u308f\u308a\u306a\u304c\u3089\u65b0\u5883\u5730\u3092\u6c42\u3081\u3066\u6e21\u4ecf\u3002\u30d1\u30ea\u3067\u30a2\u30fc\u30c8\u30de\u30cd\u30b8\u30e1\u30f3\u30c8\u3001\u7f8e\u8853\u53f2\u3092\u5b66\u3076\u9ad8\u7b49\u5c02\u9580\u5b66\u6821IESA\u73fe\u4ee3\u30a2\u30fc\u30c8\u90e8\u9580\u3092\u4fee\u4e86\u3002\u30ae\u30e3\u30e9\u30ea\u30fc\u3067\u306e\u52e4\u52d9\u7d4c\u9a13\u3092\u7d4c\u3066\u30012013\u5e74\u3088\u308a Art Bridge Paris &#8211; Tokyo \u3092\u4e3b\u5bb0\u3002\u73fe\u5728\u306f\u5e83\u544a\u3001\u30a2\u30fc\u30c8\u306e\u5206\u91ce\u306b\u304a\u3051\u308b\u30e9\u30a4\u30bf\u30fc\u3001\u30ad\u30e5\u30ec\u30fc\u30bf\u30fc\u3001\u30b3\u30fc\u30c7\u30a3\u30cd\u30fc\u30bf\u30fc\u3001\u65e5\u4ecf\u901a\u8a33\u3068\u3057\u3066\u5e45\u5e83\u304f\u6d3b\u52d5\u3002<\/p>\n","protected":false},"excerpt":{"rendered":"<p>Dominique Peyronnet \/ Sieste estivale, 1933, Huile et collage sur toile, 50 x 61 cm, Paris, Centre Pompidou, M [&hellip;]<\/p>\n","protected":false},"author":1,"featured_media":0,"comment_status":"open","ping_status":"open","sticky":false,"template":"","format":"standard","meta":[],"categories":[9],"tags":[37,36,38],"main_image":{"thumbnail":"https:\/\/sumau.com\/2019-n\/wp-content\/uploads\/sites\/2\/2019\/09\/1-15-150x150.jpg","thumbnail-width":150,"thumbnail-height":150,"medium":"https:\/\/sumau.com\/2019-n\/wp-content\/uploads\/sites\/2\/2019\/09\/1-15-300x248.jpg","medium-width":300,"medium-height":248,"medium_large":"https:\/\/sumau.com\/2019-n\/wp-content\/uploads\/sites\/2\/2019\/09\/1-15-768x635.jpg","medium_large-width":768,"medium_large-height":635,"large":"https:\/\/sumau.com\/2019-n\/wp-content\/uploads\/sites\/2\/2019\/09\/1-15.jpg","large-width":1000,"large-height":827},"acf":[],"_links":{"self":[{"href":"https:\/\/sumau.com\/2019-n\/wp-json\/wp\/v2\/posts\/628"}],"collection":[{"href":"https:\/\/sumau.com\/2019-n\/wp-json\/wp\/v2\/posts"}],"about":[{"href":"https:\/\/sumau.com\/2019-n\/wp-json\/wp\/v2\/types\/post"}],"author":[{"embeddable":true,"href":"https:\/\/sumau.com\/2019-n\/wp-json\/wp\/v2\/users\/1"}],"replies":[{"embeddable":true,"href":"https:\/\/sumau.com\/2019-n\/wp-json\/wp\/v2\/comments?post=628"}],"version-history":[{"count":6,"href":"https:\/\/sumau.com\/2019-n\/wp-json\/wp\/v2\/posts\/628\/revisions"}],"predecessor-version":[{"id":1197,"href":"https:\/\/sumau.com\/2019-n\/wp-json\/wp\/v2\/posts\/628\/revisions\/1197"}],"wp:attachment":[{"href":"https:\/\/sumau.com\/2019-n\/wp-json\/wp\/v2\/media?parent=628"}],"wp:term":[{"taxonomy":"category","embeddable":true,"href":"https:\/\/sumau.com\/2019-n\/wp-json\/wp\/v2\/categories?post=628"},{"taxonomy":"post_tag","embeddable":true,"href":"https:\/\/sumau.com\/2019-n\/wp-json\/wp\/v2\/tags?post=628"}],"curies":[{"name":"wp","href":"https:\/\/api.w.org\/{rel}","templated":true}]}}