{"id":1556,"date":"2019-10-18T12:00:03","date_gmt":"2019-10-18T03:00:03","guid":{"rendered":"https:\/\/sumau.com\/2019-n\/?p=1556"},"modified":"2020-01-24T12:15:54","modified_gmt":"2020-01-24T03:15:54","slug":"%e3%83%89%e3%82%ac%e3%80%81%e3%83%ad%e3%83%bc%e3%83%88%e3%83%ac%e3%83%83%e3%82%af%e3%80%82-%e7%b5%b5%e7%94%bb%e3%81%ab%e8%bc%9d%e3%81%8d%e3%82%92%e4%b8%8e%e3%81%88%e3%81%9f2%e4%ba%ba%e3%81%ae%e5%85%88","status":"publish","type":"post","link":"https:\/\/sumau.com\/2019-n\/article\/1556","title":{"rendered":"\u30c9\u30ac\u3001\u30ed\u30fc\u30c8\u30ec\u30c3\u30af\u3002 \u7d75\u753b\u306b\u8f1d\u304d\u3092\u4e0e\u3048\u305f2\u4eba\u306e\u5148\u99c6\u8005\u3002"},"content":{"rendered":"\n<p>\u30e8\u30fc\u30ed\u30c3\u30d1\u7d75\u753b\u306e\u6b74\u53f2\u306b\u5927\u304d\u306a\u5909\u9769\u304c\u8d77\u304d\u305f19\u4e16\u7d00\u3002\u305d\u306e\u5909\u5316\u306b\u4e00\u5f79\u8cb7\u3063\u305f\u3082\u306e\u306e\u4e00\u3064\u306b\u300c\u5199\u771f\u300d\u306e\u767a\u660e\u304c\u3042\u3063\u305f\u3002 <br><br><\/p>\n\n\n\n<p> 1827\u5e74\u306b\u30d5\u30e9\u30f3\u30b9\u4eba\u306e\u30cb\u30a8\u30d7\u30b9\u306b\u3088\u3063\u3066\u521d\u3081\u3066\u306e\u5199\u771f\u304c\u64ae\u5f71\u3055\u308c\u308b\u3068\u3001\u305d\u308c\u306b\u3064\u3065\u304f\u767a\u660e\u5bb6\u305f\u3061\u304c\u3055\u307e\u3056\u307e\u306a\u624b\u6cd5\u3092\u8003\u3048\u30011800\u5e74\u4ee3\u306e\u534a\u3070\u304b\u3089\u5f8c\u534a\u306b\u304b\u3051\u3066\u6025\u901f\u306b\u666e\u53ca\u3002\u307e\u305a\u306f\u81ea\u5206\u306e\u59ff\u3092\u5f8c\u4e16\u306b\u6b8b\u3057\u305f\u3044\u30d6\u30eb\u30b8\u30e7\u30ef\u30b8\u30fc\u305f\u3061\u304c\u8096\u50cf\u5199\u771f\u306b\u98db\u3073\u3064\u3044\u305f\u3002 <br><br><\/p>\n\n\n\n<p>\u3053\u306e\u8096\u50cf\u5199\u771f\u306e\u4eba\u6c17\u3067\u3001\u8096\u50cf\u753b\u3092\u63cf\u3044\u3066\u3044\u305f\u753b\u5bb6\u305f\u3061\u306f\u30d4\u30f3\u30c1\u3092\u8fce\u3048\u308b\u3002\u540c\u6642\u306b\u753b\u5bb6\u305f\u3061\u306e\u95a2\u5fc3\u306f\u3001\u7523\u696d\u9769\u547d\u3067\u9032\u5316\u3057\u3001\u8f1d\u304d\u3084\u30b9\u30d4\u30fc\u30c9\u611f\u3092\u5897\u3057\u3066\u3044\u304f\u90fd\u5e02\u306e\u6587\u5316\u3084\u66ae\u3089\u3057\u3078\u3068\u79fb\u3063\u3066\u3044\u304f\u3002\u3068\u308a\u308f\u3051\u6025\u901f\u306b\u83ef\u3084\u304b\u306a\u6642\u4ee3\u3092\u8fce\u3048\u305f\u30d1\u30ea\u3067\u3001\u753b\u5bb6\u305f\u3061\u304c\u65b0\u3057\u3044\u88ab\u5199\u4f53\u3084\u30b9\u30bf\u30a4\u30eb\u3092\u6c42\u3081\u3066\u5909\u5316\u3057\u3066\u3044\u3063\u305f\u306e\u306f\u5f53\u7136\u3060\u3063\u305f\u306e\u304b\u3082\u3057\u308c\u306a\u3044\u3002<br><br><\/p>\n\n\n\n<p> \u305d\u3093\u306a\u5909\u5316\u306e\u6700\u4e2d\u306b\u751f\u307e\u308c\u305f\u4e8c\u4eba\u306e\u753b\u5bb6\u304c\u3044\u305f\u3002\u305d\u308c\u306f\u30a8\u30c9\u30ac\u30fc\u30fb\u30c9\u30ac\uff081834\uff5e1917\uff09\u3001\u305d\u3057\u3066\u30a2\u30f3\u30ea\u30fb\u30c9\u30fb\u30c8\u30a5\u30fc\u30eb\u30fc\u30ba\uff1d\u30ed\u30fc\u30c8\u30ec\u30c3\u30af\uff081864\uff5e1901\uff09\u3002\u30d5\u30e9\u30f3\u30b9\u306b\u304a\u3051\u308b\u30e2\u30c0\u30f3\u30a2\u30fc\u30c8\u306e\u5148\u99c6\u8005\u3067\u3042\u308b\u5f7c\u3089\u306b\u7126\u70b9\u3092\u3042\u3066\u305f\uff12\u3064\u306e\u5c55\u89a7\u4f1a\u304c\u3001\u73fe\u5728\u30d1\u30ea\u306e\u30aa\u30eb\u30bb\u30fc\u7f8e\u8853\u9928\u3068\u30b0\u30e9\u30f3\u30fb\u30d1\u30ec\u3067\u958b\u50ac\u3055\u308c\u3066\u3044\u308b\u3002 <br><br><\/p>\n\n\n\n<figure class=\"wp-block-image\"><img loading=\"lazy\" width=\"1000\" height=\"667\" src=\"https:\/\/sumau.com\/2019-n\/wp-content\/uploads\/sites\/2\/2019\/10\/02-7.jpg\" alt=\"\" class=\"wp-image-1560\" srcset=\"https:\/\/sumau.com\/2019-n\/wp-content\/uploads\/sites\/2\/2019\/10\/02-7.jpg 1000w, https:\/\/sumau.com\/2019-n\/wp-content\/uploads\/sites\/2\/2019\/10\/02-7-300x200.jpg 300w, https:\/\/sumau.com\/2019-n\/wp-content\/uploads\/sites\/2\/2019\/10\/02-7-768x512.jpg 768w, https:\/\/sumau.com\/2019-n\/wp-content\/uploads\/sites\/2\/2019\/10\/02-7-975x650.jpg 975w, https:\/\/sumau.com\/2019-n\/wp-content\/uploads\/sites\/2\/2019\/10\/02-7-640x427.jpg 640w, https:\/\/sumau.com\/2019-n\/wp-content\/uploads\/sites\/2\/2019\/10\/02-7-144x96.jpg 144w, https:\/\/sumau.com\/2019-n\/wp-content\/uploads\/sites\/2\/2019\/10\/02-7-270x180.jpg 270w\" sizes=\"(max-width: 1000px) 100vw, 1000px\" \/><figcaption>\u30c8\u30a5\u30fc\u30eb\u30fc\u30ba\uff1d\u30ed\u30fc\u30c8\u30ec\u30c3\u30af\u5c55 \u5c55\u793a\u98a8\u666f\uff08\u30b0\u30e9\u30f3\u30fb\u30d1\u30ec\uff09 Toulouse-Lautrec. R\u00e9solument moderne (8) sc\u00e9nographie Martin Michel \u00a9 Rmn-Grand Palais \/ Photo Didier Plowy<br><br><\/figcaption><\/figure>\n\n\n\n<p> \u4e8c\u4eba\u306f\u3001\u540c\u3058\u30d1\u30ea\u306e\u4e2d\u3067\u3082\u9055\u3046\u5883\u9047\u306b\u66ae\u3089\u3057\u3001\u307e\u3063\u305f\u304f\u5225\u306e\u4e16\u754c\u306b\u95a2\u5fc3\u3092\u6301\u3063\u305f\u3002\u3057\u304b\u3057\u5f7c\u3089\u306b\u306f\u5171\u901a\u3057\u305f\u3042\u308b\u30c6\u30fc\u30de\u304c\u3042\u3063\u305f\u3002\u305d\u308c\u306f\u300c\u5973\u6027\u300d\u300c\u8eab\u4f53\u300d\u300c\u8e8d\u52d5\u611f\u300d\u3001\u305d\u3057\u3066\u4f55\u3088\u308a\u3082\u5f7c\u3089\u304c\u751f\u304d\u308b\u6642\u4ee3\u3092\u3042\u308a\u306e\u307e\u307e\u306b\u63cf\u304f\u59ff\u52e2\u3060\u3063\u305f\u3002 <br><br><br><\/p>\n\n\n\n<h2><strong>\u30aa\u30da\u30e9\u5ea7\u3001\u305d\u3053\u306b\u306f\u30c9\u30ac\u306e\u63cf\u304d\u305f\u3044\u3082\u306e\u3059\u3079\u3066\u304c\u3042\u3063\u305f\u3002<\/strong><br><br><\/h2>\n\n\n\n<figure class=\"wp-block-image\"><img loading=\"lazy\" width=\"1000\" height=\"667\" src=\"https:\/\/sumau.com\/2019-n\/wp-content\/uploads\/sites\/2\/2019\/10\/03-7.jpg\" alt=\"\" class=\"wp-image-1561\" srcset=\"https:\/\/sumau.com\/2019-n\/wp-content\/uploads\/sites\/2\/2019\/10\/03-7.jpg 1000w, https:\/\/sumau.com\/2019-n\/wp-content\/uploads\/sites\/2\/2019\/10\/03-7-300x200.jpg 300w, https:\/\/sumau.com\/2019-n\/wp-content\/uploads\/sites\/2\/2019\/10\/03-7-768x512.jpg 768w, https:\/\/sumau.com\/2019-n\/wp-content\/uploads\/sites\/2\/2019\/10\/03-7-975x650.jpg 975w, https:\/\/sumau.com\/2019-n\/wp-content\/uploads\/sites\/2\/2019\/10\/03-7-640x427.jpg 640w, https:\/\/sumau.com\/2019-n\/wp-content\/uploads\/sites\/2\/2019\/10\/03-7-144x96.jpg 144w, https:\/\/sumau.com\/2019-n\/wp-content\/uploads\/sites\/2\/2019\/10\/03-7-270x180.jpg 270w\" sizes=\"(max-width: 1000px) 100vw, 1000px\" \/><figcaption>\u30aa\u30da\u30e9\u30fb\u30ac\u30eb\u30cb\u30a8\uff08\u7b46\u8005\u64ae\u5f71\uff09<br><br><\/figcaption><\/figure>\n\n\n\n<p>\u30d1\u30ea\u306e\u4e2d\u5fc3\u90e8\u306b\u3042\u308b\u300c\u30aa\u30da\u30e9\u5ea7\u300d\u30021875\u5e74\u306b\u5b8c\u6210\u3057\u305f\u56fd\u7acb\u306e\u6b4c\u5287\u5834\u306f\u3001\u30cd\u30aa\u30d0\u30ed\u30c3\u30af\u69d8\u5f0f\u306e\u8c6a\u83ef\u7d62\u721b\u306a\u59ff\u3092\u4eca\u306b\u6b8b\u3059\u8857\u306e\u30b7\u30f3\u30dc\u30eb\u7684\u5b58\u5728\u3067\u3001\u89b3\u5149\u5ba2\u304c\u771f\u3063\u5148\u306b\u8a2a\u308c\u308b\u5834\u6240\u3002\u5efa\u7bc9\u5bb6\u30b7\u30e3\u30eb\u30eb\u30fb\u30ac\u30eb\u30cb\u30a8\u306e\u8a2d\u8a08\u304c\u63a1\u629e\u3055\u308c\u305f\u306e\u3067\u300c\u30ac\u30eb\u30cb\u30a8\u5bae\u300d\u3068\u3082\u547c\u3070\u308c\u308b\u3002<br><br><\/p>\n\n\n\n<p> \u65e5\u672c\u3067\u3082\u9ad8\u3044\u4eba\u6c17\u3092\u8a87\u308b\u30d5\u30e9\u30f3\u30b9\u56fd\u7acb\u30d0\u30ec\u30a8\u56e3\u306f\u3001\u307e\u3055\u306b\u3053\u3053\u30aa\u30da\u30e9\u30fb\u30ac\u30eb\u30cb\u30a8\u304c\u62e0\u70b9\u3002\u5efa\u7269\u306e\u4e2d\u306b\u306f\u3001\u821e\u53f0\u306f\u3082\u3061\u308d\u3093\u3001\u7a3d\u53e4\u5834\u3084\u697d\u5c4b\u304c\u3042\u308a\u3001\u3055\u307e\u3056\u307e\u306a\u821e\u53f0\u88cf\u306e\u30c9\u30e9\u30de\u304c\u4eca\u3082\u7e70\u308a\u5e83\u3052\u3089\u308c\u3066\u3044\u308b\u3002 <br><br><\/p>\n\n\n\n<p>19\u4e16\u7d00\u306e\u7d42\u308f\u308a\u3001\u5b8c\u6210\u3057\u305f\u3070\u304b\u308a\u306e\u305d\u3093\u306a\u30aa\u30da\u30e9\u5ea7\u306e\u4eba\u9593\u6a21\u69d8\u3092\u3001\u5bc6\u7740\u6620\u50cf\u306a\u3089\u306c\u7d75\u753b\u306e\u4e16\u754c\u3067\u63cf\u3044\u305f\u306e\u304c\u3001\u30c9\u30ac\u3060\u3063\u305f\u3002<br><br><\/p>\n\n\n\n<figure class=\"wp-block-image\"><img loading=\"lazy\" width=\"1000\" height=\"423\" src=\"https:\/\/sumau.com\/2019-n\/wp-content\/uploads\/sites\/2\/2019\/10\/04-6.jpg\" alt=\"\" class=\"wp-image-1562\" srcset=\"https:\/\/sumau.com\/2019-n\/wp-content\/uploads\/sites\/2\/2019\/10\/04-6.jpg 1000w, https:\/\/sumau.com\/2019-n\/wp-content\/uploads\/sites\/2\/2019\/10\/04-6-300x127.jpg 300w, https:\/\/sumau.com\/2019-n\/wp-content\/uploads\/sites\/2\/2019\/10\/04-6-768x325.jpg 768w, https:\/\/sumau.com\/2019-n\/wp-content\/uploads\/sites\/2\/2019\/10\/04-6-990x419.jpg 990w, https:\/\/sumau.com\/2019-n\/wp-content\/uploads\/sites\/2\/2019\/10\/04-6-640x271.jpg 640w, https:\/\/sumau.com\/2019-n\/wp-content\/uploads\/sites\/2\/2019\/10\/04-6-227x96.jpg 227w, https:\/\/sumau.com\/2019-n\/wp-content\/uploads\/sites\/2\/2019\/10\/04-6-426x180.jpg 426w\" sizes=\"(max-width: 1000px) 100vw, 1000px\" \/><figcaption>\u30a8\u30c9\u30ac\u30fc\u30fb\u30c9\u30ac\u3000\u968e\u6bb5\u3092\u4e0a\u304c\u308b\u8e0a\u308a\u5b50\u3000Danseuses montant un escalier,1877 Huile sur toile, 39 x 89,5 cm Paris, mus\u00e9e d\u2019Orsay, RF 1979  Photo \u00a9 Mus\u00e9e d\u2019Orsay, Dist. RMN-Grand Palais \/ Patrice Schmidt<br><br><\/figcaption><\/figure>\n\n\n\n<p>\u30c9\u30ac\u306f\u3001\u30ab\u30d5\u30a7\u3084\u30df\u30e5\u30fc\u30b8\u30c3\u30af\u30db\u30fc\u30eb\u3001\u7af6\u99ac\u5834\u306a\u3069\u3001\u5909\u308f\u308a\u3086\u304f\u90fd\u4f1a\u30d1\u30ea\u306e\u73fe\u5b9f\u3068\u305d\u306e\u4eba\u3005\u3092\u63cf\u3044\u3066\u3044\u305f\u3002\u3068\u308a\u308f\u3051\u30ac\u30eb\u30cb\u30a8\u5bae\u3092\u5f7c\u306f\u300c\u81ea\u5206\u306e\u5b9f\u9a13\u90e8\u5c4b\u300d\u3068\u547c\u3093\u3067\u5e7e\u5ea6\u3068\u306a\u304f\u8a2a\u308c\u3001\u821e\u53f0\u306f\u3082\u3068\u3088\u308a\u3001\u821e\u53f0\u4e0a\u304b\u3089\u8896\u306b\u606f\u3092\u5207\u3089\u305b\u3066\u5e30\u3063\u3066\u304f\u308b\u30c0\u30f3\u30b5\u30fc\u3084\u697d\u5c4b\u3001\u4e00\u822c\u306e\u4eba\u3005\u306e\u76ee\u306b\u89e6\u308c\u308b\u3053\u3068\u306e\u306a\u3044\u30ec\u30c3\u30b9\u30f3\u98a8\u666f\u306a\u3069\u3001\u3044\u308f\u3070\u300c\u821e\u53f0\u88cf\u300d\u306e\u4e00\u77ac\u4e00\u77ac\u3092\u5207\u308a\u53d6\u3063\u3066\u6570\u3005\u306e\u7d75\u306b\u4ed5\u4e0a\u3052\u3066\u3044\u3063\u305f\u3002<br><br><\/p>\n\n\n\n<figure class=\"wp-block-image\"><img loading=\"lazy\" width=\"882\" height=\"1000\" src=\"https:\/\/sumau.com\/2019-n\/wp-content\/uploads\/sites\/2\/2019\/10\/05-6.jpg\" alt=\"\" class=\"wp-image-1563\" srcset=\"https:\/\/sumau.com\/2019-n\/wp-content\/uploads\/sites\/2\/2019\/10\/05-6.jpg 882w, https:\/\/sumau.com\/2019-n\/wp-content\/uploads\/sites\/2\/2019\/10\/05-6-265x300.jpg 265w, https:\/\/sumau.com\/2019-n\/wp-content\/uploads\/sites\/2\/2019\/10\/05-6-768x871.jpg 768w, https:\/\/sumau.com\/2019-n\/wp-content\/uploads\/sites\/2\/2019\/10\/05-6-573x650.jpg 573w, https:\/\/sumau.com\/2019-n\/wp-content\/uploads\/sites\/2\/2019\/10\/05-6-423x480.jpg 423w, https:\/\/sumau.com\/2019-n\/wp-content\/uploads\/sites\/2\/2019\/10\/05-6-85x96.jpg 85w, https:\/\/sumau.com\/2019-n\/wp-content\/uploads\/sites\/2\/2019\/10\/05-6-159x180.jpg 159w\" sizes=\"(max-width: 882px) 100vw, 882px\" \/><figcaption>\u30a8\u30c9\u30ac\u30fc\u30fb\u30c9\u30ac\u3000\u30c0\u30f3\u30b9\u6559\u5ba4\u3000La Classe de danse,1873 Huile sur toile, 85,5 x 75 cm Paris, mus\u00e9e d\u2019Orsay Photo \u00a9 Mus\u00e9e d\u2019Orsay, Dist. RMN-Grand Palais \/ Patrice Schmidt<br><br><\/figcaption><\/figure>\n\n\n\n<p>\u306a\u305c\u30c9\u30ac\u306f\u305d\u3046\u3044\u3063\u305f\u5834\u306b\u3044\u3089\u308c\u305f\u306e\u3060\u308d\u3046\u304b\u3002\u5b9f\u306f\u3001\u5f53\u6642\u306e\u30aa\u30da\u30e9\u5ea7\u306f\u4e0a\u6d41\u968e\u7d1a\u306e\u793e\u4ea4\u5834\u3067\u3082\u3042\u3063\u3066\u3001\u5e74\u9593\u5951\u7d04\u3067\u5ea7\u5e2d\u3092\u8cfc\u5165\u3057\u3066\u3044\u305f\u4f1a\u54e1\u306f\u821e\u53f0\u88cf\u3084\u7a3d\u53e4\u5834\u3078\u306e\u51fa\u5165\u308a\u304c\u8a31\u3055\u308c\u3066\u3044\u305f\u3002\u4e2d\u306b\u306f\u304a\u6c17\u306b\u5165\u308a\u306e\u30c0\u30f3\u30b5\u30fc\u3092\u56f2\u3046\u8005\u3082\u3042\u3063\u305f\u3068\u3044\u3046\u3002\u65b0\u8208\u30d6\u30eb\u30b8\u30e7\u30ef\u30b8\u30fc\u306e\u5bb6\u5ead\u306b\u751f\u307e\u308c\u305f\u30c9\u30ac\u3082\u3001\u4f1a\u54e1\u306b\u5c45\u7d9a\u3051\u308b\u3053\u3068\u3067\u6570\u3005\u306e\u300c\u540d\u5834\u9762\u300d\u3092\u76ee\u6483\u3057\u305f\u306e\u3060\u3063\u305f\u3002<br><br><\/p>\n\n\n\n<figure class=\"wp-block-image\"><img loading=\"lazy\" width=\"689\" height=\"1000\" src=\"https:\/\/sumau.com\/2019-n\/wp-content\/uploads\/sites\/2\/2019\/10\/06-6.jpg\" alt=\"\" class=\"wp-image-1564\" srcset=\"https:\/\/sumau.com\/2019-n\/wp-content\/uploads\/sites\/2\/2019\/10\/06-6.jpg 689w, https:\/\/sumau.com\/2019-n\/wp-content\/uploads\/sites\/2\/2019\/10\/06-6-207x300.jpg 207w, https:\/\/sumau.com\/2019-n\/wp-content\/uploads\/sites\/2\/2019\/10\/06-6-448x650.jpg 448w, https:\/\/sumau.com\/2019-n\/wp-content\/uploads\/sites\/2\/2019\/10\/06-6-331x480.jpg 331w, https:\/\/sumau.com\/2019-n\/wp-content\/uploads\/sites\/2\/2019\/10\/06-6-66x96.jpg 66w, https:\/\/sumau.com\/2019-n\/wp-content\/uploads\/sites\/2\/2019\/10\/06-6-124x180.jpg 124w\" sizes=\"(max-width: 689px) 100vw, 689px\" \/><figcaption>\u30a8\u30c9\u30ac\u30fc\u30fb\u30c9\u30ac\u3000\u30d0\u30ec\u30a8\u307e\u305f\u306f\u30a8\u30c8\u30ef\u30fc\u30eb\u3000Ballet, dit aussi L\u2019Etoile, Pastel sur monotype, 58,4 x 42 cm Paris, mus\u00e9e d\u2019Orsay, RF 12258 Photo \u00a9 RMN-Grand Palais (Mus\u00e9e d\u2019Orsay) \/ Herv\u00e9 Lewandowski<br><br><\/figcaption><\/figure>\n\n\n\n<p>\u3053\u306e\u5c55\u89a7\u4f1a\u304c\u8208\u5473\u6df1\u3044\u306e\u306f\u3001\u30c9\u30ac\u304c\u305f\u3060\u5358\u306b\u8e0a\u308a\u5b50\u9054\u3092\u63cf\u304d\u305f\u304b\u3063\u305f\u306e\u3067\u306f\u306a\u304f\u3001\u30aa\u30da\u30e9\u5ea7\u5168\u4f53\u3092\u5f7c\u306e\u63cf\u304d\u305f\u3044\u3082\u306e\u304c\u51dd\u7e2e\u3055\u308c\u305f\u300c\u30df\u30af\u30ed\u30b3\u30b9\u30e2\u30b9\uff08\u5c0f\u5b87\u5b99\uff09\u300d\u3068\u3057\u3066\u6349\u3048\u3066\u3044\u308b\u3053\u3068\u3060\u3002<br><br><\/p>\n\n\n\n<p>\u30d0\u30ec\u30a8\u30c0\u30f3\u30b5\u30fc\u3084\u6b4c\u624b\u3001\u30aa\u30fc\u30b1\u30b9\u30c8\u30e9\u3001\u89b3\u5ba2\u3068\u3044\u3046\u3055\u307e\u3056\u307e\u306a\u4eba\u7269\u3001\u591a\u69d8\u306a\u30a2\u30f3\u30b0\u30eb\u306e\u9762\u767d\u3055\u3001\u307e\u3070\u3086\u3044\u5149\u3068\u95c7\u306e\u30b3\u30f3\u30c8\u30e9\u30b9\u30c8\u3001\u305d\u3057\u3066\u306a\u306b\u3088\u308a\u4eba\u9593\u306e\u8089\u4f53\u7f8e\u3068\u305d\u306e\u3042\u3089\u3086\u308b\u52d5\u304d\u3001\u52d5\u4f5c\u3001\u305d\u306e\u30b9\u30d4\u30fc\u30c9\u611f\u30fb\u30fb\u30fb\u3002\u300c\u5370\u8c61\u6d3e\u300d\u30b0\u30eb\u30fc\u30d7\u306b\u3042\u308a\u306a\u304c\u3089\u3082\u3001\u76ee\u3092\u60a3\u3063\u3066\u3044\u305f\u3053\u3068\u3067\u91ce\u5916\u3067\u306e\u5199\u751f\u304c\u6e80\u8db3\u306b\u3067\u304d\u306a\u304b\u3063\u305f\u3068\u3082\u3044\u308f\u308c\u308b\u30c9\u30ac\u3002\u5f7c\u304c\u898b\u3064\u3051\u305f\u306e\u306f\u3001\u5916\u3088\u308a\u3082\u523a\u6fc0\u7684\u306a\u5ba4\u5185\u306e\u300c\u98a8\u666f\u300d\u3060\u3063\u305f\u306e\u3060\u3002<br><br><\/p>\n\n\n\n<figure class=\"wp-block-image\"><img loading=\"lazy\" width=\"843\" height=\"1000\" src=\"https:\/\/sumau.com\/2019-n\/wp-content\/uploads\/sites\/2\/2019\/10\/07-6.jpg\" alt=\"\" class=\"wp-image-1565\" srcset=\"https:\/\/sumau.com\/2019-n\/wp-content\/uploads\/sites\/2\/2019\/10\/07-6.jpg 843w, https:\/\/sumau.com\/2019-n\/wp-content\/uploads\/sites\/2\/2019\/10\/07-6-253x300.jpg 253w, https:\/\/sumau.com\/2019-n\/wp-content\/uploads\/sites\/2\/2019\/10\/07-6-768x911.jpg 768w, https:\/\/sumau.com\/2019-n\/wp-content\/uploads\/sites\/2\/2019\/10\/07-6-548x650.jpg 548w, https:\/\/sumau.com\/2019-n\/wp-content\/uploads\/sites\/2\/2019\/10\/07-6-405x480.jpg 405w, https:\/\/sumau.com\/2019-n\/wp-content\/uploads\/sites\/2\/2019\/10\/07-6-81x96.jpg 81w, https:\/\/sumau.com\/2019-n\/wp-content\/uploads\/sites\/2\/2019\/10\/07-6-152x180.jpg 152w\" sizes=\"(max-width: 843px) 100vw, 843px\" \/><figcaption>\u30a8\u30c9\u30ac\u30fc\u30fb\u30c9\u30ac\u3000\u30dc\u30c3\u30af\u30b9\u5e2d La Loge 1880 Pastel et huile sur carton maroufl\u00e9 sur toile 66 x 53 cm Houston, The Museum of Fine Arts, Photo \u00a9The Museum of Fine Arts, Houston; Albert Sanchez, photographer<br><br><br><\/figcaption><\/figure>\n\n\n\n<h2><strong>\u751f\u304d\u751f\u304d\u3068\u30ea\u30a2\u30eb\u306a\u300c\u4eca\u300d\u306e\u5973\u6027\u3092\u63cf\u3044\u305f\u30ed\u30fc\u30c8\u30ec\u30c3\u30af\u3002<\/strong><br><br><\/h2>\n\n\n\n<p>\u30c9\u30ac\u304c\u63cf\u3044\u305f\u306e\u304c\u30aa\u30da\u30e9\u5ea7\u306e\u5c0f\u5b87\u5b99\u3060\u3068\u3059\u308c\u3070\u3001\u30ed\u30fc\u30c8\u30ec\u30c3\u30af\u304c\u8eab\u3092\u3086\u3060\u306d\u305f\u306e\u306f\u30d1\u30ea\u5317\u90e8\u306e\u4e0b\u753a\u3001\u30e2\u30f3\u30de\u30eb\u30c8\u30eb\u306e\u30ad\u30e3\u30d0\u30ec\u30fc\u3092\u821e\u53f0\u306b\u7e70\u308a\u5e83\u3052\u3089\u308c\u305f\u3082\u3046\u4e00\u3064\u306e\u5c0f\u5b87\u5b99\u3060\u3063\u305f\u3002<br><br><\/p>\n\n\n\n<figure class=\"wp-block-image\"><img loading=\"lazy\" width=\"728\" height=\"1000\" src=\"https:\/\/sumau.com\/2019-n\/wp-content\/uploads\/sites\/2\/2019\/10\/08-5.jpg\" alt=\"\" class=\"wp-image-1566\" srcset=\"https:\/\/sumau.com\/2019-n\/wp-content\/uploads\/sites\/2\/2019\/10\/08-5.jpg 728w, https:\/\/sumau.com\/2019-n\/wp-content\/uploads\/sites\/2\/2019\/10\/08-5-218x300.jpg 218w, https:\/\/sumau.com\/2019-n\/wp-content\/uploads\/sites\/2\/2019\/10\/08-5-473x650.jpg 473w, https:\/\/sumau.com\/2019-n\/wp-content\/uploads\/sites\/2\/2019\/10\/08-5-349x480.jpg 349w, https:\/\/sumau.com\/2019-n\/wp-content\/uploads\/sites\/2\/2019\/10\/08-5-70x96.jpg 70w, https:\/\/sumau.com\/2019-n\/wp-content\/uploads\/sites\/2\/2019\/10\/08-5-131x180.jpg 131w\" sizes=\"(max-width: 728px) 100vw, 728px\" \/><figcaption>\u30a2\u30f3\u30ea\u30fb\u30c9\u30fb\u30c8\u30a5\u30fc\u30eb\u30fc\u30ba\uff1d\u30ed\u30fc\u30c8\u30ec\u30c3\u30af\u3000\u5973\u9053\u5316\u5e2b\u30b7\u30e3\u30fb\u30e6\u30fb\u30ab\u30aa\u3000Henri de Toulouse-Lautrec, Clownesse Cha-U-Kao, 1895, huile sur carton, 58 x 43 cm, Paris, mus\u00e9e d\u2019Orsay \u00a9 Rmn-Grand Palais (mus\u00e9e d\u2019Orsay) \/ Franck Raux<br><br><\/figcaption><\/figure>\n\n\n\n<p>\u5f7c\u304c\u751f\u307e\u308c\u6545\u90f7\u306e\u5357\u4ecf\u30a2\u30eb\u30d3\u304b\u3089\u30d1\u30ea\u306b\u51fa\u3066\u304d\u305f\u306e\u306f1882\u5e74\u300118\u6b73\u306e\u3068\u304d\u3002\u8096\u50cf\u753b\u5bb6\u3068\u3057\u3066\u77e5\u3089\u308c\u305f\u30ec\u30aa\u30f3\u30fb\u30dc\u30ca\u306e\u753b\u587e\u306b\u5b66\u3093\u3060\u3042\u3068\u3001\u30e2\u30f3\u30de\u30eb\u30c8\u30eb\u306b\u3042\u3063\u305f\u753b\u5bb6\u30d5\u30a7\u30eb\u30ca\u30f3\u30fb\u30b3\u30eb\u30e2\u30f3\u306e\u30a2\u30c8\u30ea\u30a8\u306b\u79fb\u308b\u3002\u3053\u3053\u306f\u5f1f\u5b50\u305f\u3061\u306e\u500b\u6027\u3092\u306e\u3070\u3059\u6307\u5c0e\u3067\u77e5\u3089\u308c\u3001\u30ed\u30fc\u30c8\u30ec\u30c3\u30af\u306f\u3053\u3053\u3067\u30b4\u30c3\u30db\u3084\u30a8\u30df\u30fc\u30eb\u30fb\u30d9\u30eb\u30ca\u30fc\u30eb\u306a\u3069\u3001\u306e\u3061\u306b\u7f8e\u8853\u53f2\u306b\u6b8b\u308b\u753b\u5bb6\u305f\u3061\u3068\u51fa\u4f1a\u3063\u3066\u3044\u308b\u3002 <br><br><\/p>\n\n\n\n<figure class=\"wp-block-image\"><img loading=\"lazy\" width=\"800\" height=\"952\" src=\"https:\/\/sumau.com\/2019-n\/wp-content\/uploads\/sites\/2\/2019\/10\/09-5.jpg\" alt=\"\" class=\"wp-image-1574\" srcset=\"https:\/\/sumau.com\/2019-n\/wp-content\/uploads\/sites\/2\/2019\/10\/09-5.jpg 800w, https:\/\/sumau.com\/2019-n\/wp-content\/uploads\/sites\/2\/2019\/10\/09-5-252x300.jpg 252w, https:\/\/sumau.com\/2019-n\/wp-content\/uploads\/sites\/2\/2019\/10\/09-5-768x914.jpg 768w, https:\/\/sumau.com\/2019-n\/wp-content\/uploads\/sites\/2\/2019\/10\/09-5-546x650.jpg 546w, https:\/\/sumau.com\/2019-n\/wp-content\/uploads\/sites\/2\/2019\/10\/09-5-403x480.jpg 403w, https:\/\/sumau.com\/2019-n\/wp-content\/uploads\/sites\/2\/2019\/10\/09-5-81x96.jpg 81w, https:\/\/sumau.com\/2019-n\/wp-content\/uploads\/sites\/2\/2019\/10\/09-5-151x180.jpg 151w\" sizes=\"(max-width: 800px) 100vw, 800px\" \/><figcaption>\u30a2\u30f3\u30ea\u30fb\u30c9\u30fb\u30c8\u30a5\u30fc\u30eb\u30fc\u30ba\uff1d\u30ed\u30fc\u30c8\u30ec\u30c3\u30af\u3000\u30b4\u30c3\u30db\u306e\u30dd\u30fc\u30c8\u30ec\u30fc\u30c8\u3000Henri de Toulouse-Lautrec, Portrait de Vincent Van Gogh, 1887, craie color\u00e9e sur carton 57 x 46 cm, Amsterdam, Van Gogh Museum \u00a9 Van Gogh Museum, Amsterdam (Vincent van Gogh Foundation)<br><br><\/figcaption><\/figure>\n\n\n\n<p>\u3053\u306e\u8857\u3067\u5f7c\u306f\u3001\u6b4c\u624b\u30fb\u4f5c\u8a5e\u5bb6\u306e\u30a2\u30ea\u30b9\u30c6\u30a3\u30fc\u30c9\u30fb\u30d6\u30ea\u30e5\u30a2\u30f3\u3068\u306e\u51fa\u4f1a\u3044\u3082\u3042\u3063\u3066\u6b53\u697d\u8857\u306b\u8db3\u3092\u8e0f\u307f\u5165\u308c\u305f\u3002<br><br><\/p>\n\n\n\n<p> 1889\u5e74\u306b\u306f\u3001\u3042\u306e\u6709\u540d\u306a\u300c\u30e0\u30fc\u30e9\u30f3\u30fb\u30eb\u30fc\u30b8\u30e5\u300d\u304c\u30aa\u30fc\u30d7\u30f3\u3002\u305d\u306e\u754c\u9688\u306e\u30ad\u30e3\u30d0\u30ec\u30fc\u3084\u30d0\u30fc\u3001\u30ab\u30d5\u30a7\u306b\u306f\u30a2\u30fc\u30c6\u30a3\u30b9\u30c8\u3084\u6587\u5316\u4eba\u305f\u3061\u304c\u591c\u306a\u591c\u306a\u96c6\u307e\u308a\u3001\u304d\u3089\u3081\u304d\u3068\u983d\u5ec3\u304c\u4ea4\u308f\u308b\u30d1\u30ea\u306e\u8c61\u5fb4\u3068\u306a\u3063\u305f\u3002\u30c9\u30ac\u306e\u30aa\u30da\u30e9\u5ea7\u3068\u540c\u3058\u3088\u3046\u306b\u3001\u30ed\u30fc\u30c8\u30ec\u30c3\u30af\u306f\u305d\u3053\u306b\u81ea\u5206\u306e\u5c45\u5834\u6240\u3092\u898b\u3064\u3051\u3001\u30c0\u30f3\u30b5\u30fc\u3084\u6b4c\u624b\u3084\u5a3c\u5a66\u3001\u305d\u3057\u3066\u96c6\u307e\u308b\u7537\u305f\u3061\u3092\u63cf\u3044\u3066\u3044\u304f\u3002\u305f\u3060\u30c9\u30ac\u304c\u3001\u3069\u3061\u3089\u304b\u3068\u3044\u3048\u3070\u89b3\u5bdf\u8005\u3067\u3042\u3063\u305f\u306e\u3068\u306f\u7570\u306a\u308a\u3001\u30ed\u30fc\u30c8\u30ec\u30c3\u30af\u306f\u81ea\u8eab\u306e\u30ad\u30e3\u30e9\u30af\u30bf\u30fc\u3084\u969c\u5bb3\u3092\u6301\u3063\u305f\u304c\u3086\u3048\u306e\u4e0d\u9047\u3055\u304b\u3089\u591c\u306e\u4e16\u754c\u306e\u5973\u6027\u305f\u3061\u3068\u3082\u5171\u611f\u3057\u3042\u3044\u3001\u3069\u3063\u3077\u308a\u3068\u3053\u306e\u4e16\u754c\u306b\u6d78\u304b\u3063\u3066\u3044\u3063\u305f\u3002<br> <br><\/p>\n\n\n\n<figure class=\"wp-block-image\"><img loading=\"lazy\" width=\"1000\" height=\"849\" src=\"https:\/\/sumau.com\/2019-n\/wp-content\/uploads\/sites\/2\/2019\/10\/10-10.jpg\" alt=\"\" class=\"wp-image-1568\" srcset=\"https:\/\/sumau.com\/2019-n\/wp-content\/uploads\/sites\/2\/2019\/10\/10-10.jpg 1000w, https:\/\/sumau.com\/2019-n\/wp-content\/uploads\/sites\/2\/2019\/10\/10-10-300x255.jpg 300w, https:\/\/sumau.com\/2019-n\/wp-content\/uploads\/sites\/2\/2019\/10\/10-10-768x652.jpg 768w, https:\/\/sumau.com\/2019-n\/wp-content\/uploads\/sites\/2\/2019\/10\/10-10-766x650.jpg 766w, https:\/\/sumau.com\/2019-n\/wp-content\/uploads\/sites\/2\/2019\/10\/10-10-565x480.jpg 565w, https:\/\/sumau.com\/2019-n\/wp-content\/uploads\/sites\/2\/2019\/10\/10-10-113x96.jpg 113w, https:\/\/sumau.com\/2019-n\/wp-content\/uploads\/sites\/2\/2019\/10\/10-10-212x180.jpg 212w\" sizes=\"(max-width: 1000px) 100vw, 1000px\" \/><figcaption>\u30c8\u30a5\u30fc\u30eb\u30fc\u30ba\u30fb\u30ed\u30fc\u30c8\u30ec\u30c3\u30af\u3000\u30e0\u30fc\u30e9\u30f3\u901a\u308a\u306e\u30b5\u30ed\u30f3 Henri de Toulouse-Lautrec, Au Salon de la rue des Moulins, 1894, fusain et huile sur toile, 110 x 130,5 cm Albi, Mus\u00e9e Toulouse-Lautrec \u00a9 Mus\u00e9e Toulouse-Lautrec, Albi, France<br><br><\/figcaption><\/figure>\n\n\n\n<p>\u305d\u3057\u3066\u5f7c\u304c\u624b\u304c\u3051\u305f\u5e97\u3084\u30b7\u30e7\u30fc\u306e\u30dd\u30b9\u30bf\u30fc\u306f\u3001\u30d1\u30ea\u4e2d\u306b\u51fa\u56de\u308a\u3001\u5f7c\u306f\u77ac\u304f\u9593\u306b\u6642\u4ee3\u306e\u5bf5\u5150\u306b\u306a\u3063\u305f\u306e\u3060\u3002<br><br><\/p>\n\n\n\n<figure class=\"wp-block-image\"><img loading=\"lazy\" width=\"1000\" height=\"945\" src=\"https:\/\/sumau.com\/2019-n\/wp-content\/uploads\/sites\/2\/2019\/10\/11-10.jpg\" alt=\"\" class=\"wp-image-1576\" srcset=\"https:\/\/sumau.com\/2019-n\/wp-content\/uploads\/sites\/2\/2019\/10\/11-10.jpg 1000w, https:\/\/sumau.com\/2019-n\/wp-content\/uploads\/sites\/2\/2019\/10\/11-10-300x284.jpg 300w, https:\/\/sumau.com\/2019-n\/wp-content\/uploads\/sites\/2\/2019\/10\/11-10-768x726.jpg 768w, https:\/\/sumau.com\/2019-n\/wp-content\/uploads\/sites\/2\/2019\/10\/11-10-688x650.jpg 688w, https:\/\/sumau.com\/2019-n\/wp-content\/uploads\/sites\/2\/2019\/10\/11-10-508x480.jpg 508w, https:\/\/sumau.com\/2019-n\/wp-content\/uploads\/sites\/2\/2019\/10\/11-10-102x96.jpg 102w, https:\/\/sumau.com\/2019-n\/wp-content\/uploads\/sites\/2\/2019\/10\/11-10-190x180.jpg 190w\" sizes=\"(max-width: 1000px) 100vw, 1000px\" \/><figcaption>\u30a2\u30f3\u30ea\u30fb\u30c9\u30fb\u30c8\u30a5\u30fc\u30eb\u30fc\u30ba\uff1d\u30ed\u30fc\u30c8\u30ec\u30c3\u30af \u30e0\u30fc\u30e9\u30f3\u30fb\u30eb\u30fc\u30b8\u30e5\u306e\u30c0\u30f3\u30b9 Henri de Toulouse-Lautrec\u3000La Danse au Moulin Rouge, dit aussi La Goulue et Valentin le d\u00e9soss\u00e9, panneau pour la baraque de la Goulue, \u00e0 la Foire du Tr\u00f4ne \u00e0 Paris (panneau de gauche), 1895, huile sur toile, 298 x 316 cm, Paris, mus\u00e9e d\u2019Orsay \u00a9 Rmn-Grand Palais (mus\u00e9e d\u2019Orsay) \/ Herv\u00e9 Lewandowski<br><br><\/figcaption><\/figure>\n\n\n\n<p>\u30ed\u30fc\u30c8\u30ec\u30c3\u30af\u306f\u4e00\u822c\u7684\u306b\u3001\u3053\u3046\u3057\u305f\u30e2\u30f3\u30de\u30eb\u30c8\u30eb\u306e\u6587\u5316\u3001\u3068\u308a\u308f\u3051\u5a3c\u5a66\u3084\u30c0\u30f3\u30b5\u30fc\u305f\u3061\u306e\u65e5\u3005\u3092\u63cf\u304d\u3001\u5e83\u544a\u3082\u624b\u304c\u3051\u305f\u6d41\u884c\u753b\u5bb6\u306e\u30a4\u30e1\u30fc\u30b8\u304c\u3042\u308b\u3002\u3057\u304b\u3057\u3053\u306e\u5c55\u89a7\u4f1a\u3067\u306f\u3001\u305d\u306e\u4e00\u6b69\u5148\u306e\u89e3\u91c8\u3067\u30ed\u30fc\u30c8\u30ec\u30c3\u30af\u4f5c\u54c1\u306e\u65ac\u65b0\u3055\u306b\u3082\u76ee\u3092\u5411\u3051\u308b\u3002<br><br><\/p>\n\n\n\n<figure class=\"wp-block-image\"><img loading=\"lazy\" width=\"784\" height=\"1000\" src=\"https:\/\/sumau.com\/2019-n\/wp-content\/uploads\/sites\/2\/2019\/10\/12-8.jpg\" alt=\"\" class=\"wp-image-1573\" srcset=\"https:\/\/sumau.com\/2019-n\/wp-content\/uploads\/sites\/2\/2019\/10\/12-8.jpg 784w, https:\/\/sumau.com\/2019-n\/wp-content\/uploads\/sites\/2\/2019\/10\/12-8-235x300.jpg 235w, https:\/\/sumau.com\/2019-n\/wp-content\/uploads\/sites\/2\/2019\/10\/12-8-768x980.jpg 768w, https:\/\/sumau.com\/2019-n\/wp-content\/uploads\/sites\/2\/2019\/10\/12-8-510x650.jpg 510w, https:\/\/sumau.com\/2019-n\/wp-content\/uploads\/sites\/2\/2019\/10\/12-8-376x480.jpg 376w, https:\/\/sumau.com\/2019-n\/wp-content\/uploads\/sites\/2\/2019\/10\/12-8-75x96.jpg 75w, https:\/\/sumau.com\/2019-n\/wp-content\/uploads\/sites\/2\/2019\/10\/12-8-141x180.jpg 141w\" sizes=\"(max-width: 784px) 100vw, 784px\" \/><figcaption>\u30a2\u30f3\u30ea\u30fb\u30c9\u30fb\u30c8\u30a5\u30fc\u30eb\u30fc\u30ba\uff1d\u30ed\u30fc\u30c8\u30ec\u30c3\u30af \u8eca\u8f2a\u3000Henri de Toulouse-Lautrec La Roue 1893 huile et tempera sur carton 63 x 47 cm S\u00e3o Paulo, mus\u00e9e d\u2019art de S\u00e3o Paulo \u00a9 Museu de arte de Sao Paulo \/ Photo Jo\u00e3o Musa<br><br><\/figcaption><\/figure>\n\n\n\n<p>\u305f\u3068\u3048\u3070\u3001\u5199\u771f\u3084\u6620\u753b\u306e\u8868\u73fe\u3092\u5148\u53d6\u308a\u3059\u308b\u304b\u306e\u3088\u3046\u306a\u300c\u52d5\u304d\u300d\u3084\u300c\u30b9\u30d4\u30fc\u30c9\u611f\u300d\u3078\u306e\u95a2\u5fc3\u3002\u5f37\u8abf\u3057\u305f\u3044\u5bfe\u8c61\u4ee5\u5916\u3092\u3042\u3048\u3066\u672a\u5b8c\u6210\u306a\u307e\u307e\u306b\u6b8b\u3057\u305f\u3001\u88ab\u5199\u754c\u6df1\u5ea6\u306e\u6d45\u3044\u5199\u771f\u306e\u3088\u3046\u306a\u624b\u6cd5\u3002\u305d\u3057\u3066\u83ef\u3084\u304b\u306a\u821e\u53f0\u306e\u88cf\u3067\u3001\u75b2\u308c\u3001\u3055\u307e\u3056\u307e\u306a\u601d\u3044\u3092\u62b1\u3048\u3066\u751f\u304d\u308b\u5973\u6027\u305f\u3061\u3078\u306e\u512a\u3057\u3044\u307e\u306a\u3056\u3057\u306e\u5b58\u5728\u30fb\u30fb\u30fb\u3002<br><br><\/p>\n\n\n\n<figure class=\"wp-block-image\"><img loading=\"lazy\" width=\"567\" height=\"769\" src=\"https:\/\/sumau.com\/2019-n\/wp-content\/uploads\/sites\/2\/2019\/10\/13-6.jpg\" alt=\"\" class=\"wp-image-1575\" srcset=\"https:\/\/sumau.com\/2019-n\/wp-content\/uploads\/sites\/2\/2019\/10\/13-6.jpg 567w, https:\/\/sumau.com\/2019-n\/wp-content\/uploads\/sites\/2\/2019\/10\/13-6-221x300.jpg 221w, https:\/\/sumau.com\/2019-n\/wp-content\/uploads\/sites\/2\/2019\/10\/13-6-479x650.jpg 479w, https:\/\/sumau.com\/2019-n\/wp-content\/uploads\/sites\/2\/2019\/10\/13-6-354x480.jpg 354w, https:\/\/sumau.com\/2019-n\/wp-content\/uploads\/sites\/2\/2019\/10\/13-6-71x96.jpg 71w, https:\/\/sumau.com\/2019-n\/wp-content\/uploads\/sites\/2\/2019\/10\/13-6-133x180.jpg 133w\" sizes=\"(max-width: 567px) 100vw, 567px\" \/><figcaption>\u30a2\u30f3\u30ea\u30fb\u30c9\u30fb\u30c8\u30a5\u30fc\u30eb\u30fc\u30ba\uff1d\u30ed\u30fc\u30c8\u30ec\u30c3\u30af \u30ea\u30f3\u30ac\u30fc\u30fb\u30ed\u30f3\u30ac\u30fc\u30fb\u30eb\u30fc\u3092\u6b4c\u3046\u30a4\u30f4\u30a7\u30c3\u30c8\u30fb\u30ae\u30eb\u30d9\u30fc\u30eb Henri de Toulouse-Lautrec Yvette Guilbert chantant Linger, Longer, Loo 1894 peinture \u00e0 l\u2019essence sur papier maroufl\u00e9 sur toile 58 x 44 cm Moscou, Mus\u00e9e d\u2019Etat des beaux-arts Pouchkine \u00a9 Mus\u00e9e d\u2019Etat des beaux-arts Pouchkine, Moscou<br><br><\/figcaption><\/figure>\n\n\n\n<p> \u751f\u6d3b\u306e\u4fa1\u5024\u89b3\u3084\u6642\u9593\u306e\u6982\u5ff5\u304c\u7d76\u3048\u307e\u306a\u304f\u5909\u5316\u3057\u3066\u3044\u3063\u305f\u5f53\u6642\u306e\u30d1\u30ea\u306e\u30ea\u30a2\u30eb\u306a\u300c\u4eca\u300d\u3002\u305d\u306e\u30c0\u30a4\u30ca\u30df\u30c3\u30af\u306a\u30ea\u30ba\u30e0\u3084\u8e8d\u52d5\u611f\u3092\u3001\u52d5\u304b\u306a\u3044\u7d75\u306e\u4e2d\u3067\u3069\u3046\u8868\u73fe\u3057\u3088\u3046\u3068\u3057\u305f\u306e\u304b\u3002\u4f1d\u7d71\u7684\u306a\u624b\u6cd5\u306e\u67a0\u3092\u8d85\u3048\u3066\u305d\u308c\u306b\u6311\u6226\u3057\u3064\u3065\u3051\u305f\u82b8\u8853\u5bb6\u3068\u3057\u3066\u30ed\u30fc\u30c8\u30ec\u30c3\u30af\u3092\u6349\u3048\u308b\u3068\u3001\u305d\u308c\u305e\u308c\u306e\u4f5c\u54c1\u306f\u307e\u305f\u65b0\u9bae\u306a\u898b\u3048\u65b9\u304c\u3057\u3066\u304f\u308b\u306f\u305a\u3060\u3002<br><br><\/p>\n\n\n\n<p> \u30c9\u30ac\u3068\u30ed\u30fc\u30c8\u30ec\u30c3\u30af\u3002\u4e8c\u4eba\u306f\u3042\u307e\u308a\u306b\u6709\u540d\u306a\u753b\u5bb6\u3067\u3001\u63cf\u304b\u308c\u305f\u5bfe\u8c61\u306f\u8ab0\u3067\u3082\u306a\u3093\u3068\u306a\u304f\u77e5\u3063\u3066\u3044\u308b\u3002\u3057\u304b\u3057\u3001\u5f7c\u3089\u304c\u6d3b\u8e8d\u3057\u305f\u6642\u4ee3\u306e\u80cc\u666f\u3084\u3001\u305d\u306e\u624b\u6cd5\u3084\u69cb\u56f3\u306e\u65ac\u65b0\u3055\u3001\u305d\u308c\u307e\u3067\u306e\u7d75\u753b\u306f\u306a\u304b\u3063\u305f\u5bfe\u8c61\u3078\u306e\u307e\u306a\u3056\u3057\u3092\u77e5\u308b\u3053\u3068\u3067\u3001\u76ee\u306e\u524d\u306b\u3042\u308b\u7d75\u306e\u6df1\u307f\u306f\u9055\u3063\u3066\u304f\u308b\u3002\u30d1\u30ea\u3092\u611b\u3057\u305f\u4e8c\u4eba\u306e\u5de8\u5320\u306e\u5c55\u89a7\u4f1a\u306f\u3001\u305d\u3093\u306a\u65b0\u3057\u3044\u30a2\u30fc\u30c8\u306e\u6109\u3057\u307f\u65b9\u3092\u6211\u3005\u306b\u518d\u8a8d\u8b58\u3055\u305b\u3066\u304f\u308c\u308b\u3088\u3046\u3060\u3002<br><br><br><br><\/p>\n\n\n\n<p><strong>\u300eDegas \u00e0 l&#8217;Op\u00e9ra \u30aa\u30da\u30e9\u5ea7\u306e\u30c9\u30ac\u300f\u5c55<\/strong><br><br><\/p>\n\n\n\n<p>2020\u5e741\u670819\u65e5\u307e\u3067\u958b\u50ac<br> 9:30\u301c18:00\uff08\u6728\u306f21:45\u307e\u3067\uff09\u6708\u66dc\u4f11\u300112\u670825\u65e5\u306f\u4f11\u9928<br><br><\/p>\n\n\n\n<p>\u30aa\u30eb\u30bb\u30fc\u7f8e\u8853\u9928\uff08\u30d5\u30e9\u30f3\u30b9\u30fb\u30d1\u30ea\uff09<br> 1 rue de la L\u00e9gion d&#8217;Honneur, 75007 Paris<br> <a href=\"https:\/\/www.musee-orsay.fr\/\" target=\"_blank\" rel=\"noreferrer noopener\" aria-label=\"https:\/\/www.musee-orsay.fr\/ (opens in a new tab)\">https:\/\/www.musee-orsay.fr\/<\/a><br><br><br><\/p>\n\n\n\n<p><strong>\u300eTOULOUSE-LAUTREC \u30c8\u30a5\u30fc\u30eb\u30fc\u30ba\uff1d\u30ed\u30fc\u30c8\u30ec\u30c3\u30af\u300f\u5c55<\/strong><br><br><\/p>\n\n\n\n<p>2020\u5e741\u670827\u65e5\u307e\u3067\u958b\u50ac<br>\u6728\u66dc\u30fb\u65e5\u66dc\u30fb\u6708\u66dc\u306f10:00\u301c20:00<br>\u6c34\u66dc\u30fb\u91d1\u66dc\u30fb\u571f\u66dc\u306f10:00\u301c22:00<br>\u706b\u66dc\u4f11\u300112\u670825\u65e5\u306f\u4f11\u9928<br><br><\/p>\n\n\n\n<p>\u30b0\u30e9\u30f3\u30fb\u30d1\u30ec\uff08\u30d5\u30e9\u30f3\u30b9\u30fb\u30d1\u30ea\uff09<br> 3, avenue du G\u00e9n\u00e9ral Eisenhower75008 Paris<br> <a href=\"https:\/\/www.grandpalais.fr\/fr\/evenement\/toulouse-lautrec\" target=\"_blank\" rel=\"noreferrer noopener\" aria-label=\"https:\/\/www.grandpalais.fr\/fr\/evenement\/toulouse-lautrec (opens in a new tab)\">https:\/\/www.grandpalais.fr\/fr\/evenement\/toulouse-lautrec<\/a><br><br><br><\/p>\n\n\n\n<p>\u6749\u6d66\u5cb3\u53f2\uff0f\u30e9\u30a4\u30bf\u30fc\u3001\u30a2\u30fc\u30c8\u30aa\u30fc\u30ac\u30ca\u30a4\u30b6\u30fc<br>\n\u30b3\u30d4\u30fc\u30e9\u30a4\u30bf\u30fc\u3068\u3057\u3066\u5e83\u544a\u754c\u3067\u643a\u308f\u308a\u306a\u304c\u3089\u65b0\u5883\u5730\u3092\u6c42\u3081\u3066\u6e21\u4ecf\u3002\u30d1\u30ea\u3067\u30a2\u30fc\u30c8\u30de\u30cd\u30b8\u30e1\u30f3\u30c8\u3001\u7f8e\u8853\u53f2\u3092\u5b66\u3076\u9ad8\u7b49\u5c02\u9580\u5b66\u6821IESA\u73fe\u4ee3\u30a2\u30fc\u30c8\u90e8\u9580\u3092\u4fee\u4e86\u3002\u30ae\u30e3\u30e9\u30ea\u30fc\u3067\u306e\u52e4\u52d9\u7d4c\u9a13\u3092\u7d4c\u3066\u30012013\u5e74\u3088\u308a Art Bridge Paris &#8211; Tokyo \u3092\u4e3b\u5bb0\u3002\u73fe\u5728\u306f\u5e83\u544a\u3001\u30a2\u30fc\u30c8\u306e\u5206\u91ce\u306b\u304a\u3051\u308b\u30e9\u30a4\u30bf\u30fc\u3001\u30ad\u30e5\u30ec\u30fc\u30bf\u30fc\u3001\u30b3\u30fc\u30c7\u30a3\u30cd\u30fc\u30bf\u30fc\u3001\u65e5\u4ecf\u901a\u8a33\u3068\u3057\u3066\u5e45\u5e83\u304f\u6d3b\u52d5\u3002<\/p>\n","protected":false},"excerpt":{"rendered":"<p>\u30e8\u30fc\u30ed\u30c3\u30d1\u7d75\u753b\u306e\u6b74\u53f2\u306b\u5927\u304d\u306a\u5909\u9769\u304c\u8d77\u304d\u305f19\u4e16\u7d00\u3002\u305d\u306e\u5909\u5316\u306b\u4e00\u5f79\u8cb7\u3063\u305f\u3082\u306e\u306e\u4e00\u3064\u306b\u300c\u5199\u771f\u300d\u306e\u767a\u660e\u304c\u3042\u3063\u305f\u3002 1827\u5e74\u306b\u30d5\u30e9\u30f3\u30b9\u4eba\u306e\u30cb\u30a8\u30d7\u30b9\u306b\u3088\u3063\u3066\u521d\u3081\u3066\u306e\u5199\u771f\u304c\u64ae\u5f71\u3055\u308c\u308b\u3068\u3001\u305d\u308c\u306b\u3064\u3065\u304f\u767a\u660e\u5bb6\u305f\u3061\u304c\u3055\u307e\u3056\u307e\u306a\u624b\u6cd5\u3092\u8003\u3048 [&hellip;]<\/p>\n","protected":false},"author":1,"featured_media":0,"comment_status":"open","ping_status":"open","sticky":false,"template":"","format":"standard","meta":[],"categories":[9],"tags":[37,36,38],"main_image":{"thumbnail":"https:\/\/sumau.com\/2019-n\/wp-content\/uploads\/sites\/2\/2019\/10\/01-3-150x150.jpg","thumbnail-width":150,"thumbnail-height":150,"medium":"https:\/\/sumau.com\/2019-n\/wp-content\/uploads\/sites\/2\/2019\/10\/01-3-300x228.jpg","medium-width":300,"medium-height":228,"medium_large":"https:\/\/sumau.com\/2019-n\/wp-content\/uploads\/sites\/2\/2019\/10\/01-3-768x584.jpg","medium_large-width":768,"medium_large-height":584,"large":"https:\/\/sumau.com\/2019-n\/wp-content\/uploads\/sites\/2\/2019\/10\/01-3.jpg","large-width":1000,"large-height":761},"acf":[],"_links":{"self":[{"href":"https:\/\/sumau.com\/2019-n\/wp-json\/wp\/v2\/posts\/1556"}],"collection":[{"href":"https:\/\/sumau.com\/2019-n\/wp-json\/wp\/v2\/posts"}],"about":[{"href":"https:\/\/sumau.com\/2019-n\/wp-json\/wp\/v2\/types\/post"}],"author":[{"embeddable":true,"href":"https:\/\/sumau.com\/2019-n\/wp-json\/wp\/v2\/users\/1"}],"replies":[{"embeddable":true,"href":"https:\/\/sumau.com\/2019-n\/wp-json\/wp\/v2\/comments?post=1556"}],"version-history":[{"count":51,"href":"https:\/\/sumau.com\/2019-n\/wp-json\/wp\/v2\/posts\/1556\/revisions"}],"predecessor-version":[{"id":1625,"href":"https:\/\/sumau.com\/2019-n\/wp-json\/wp\/v2\/posts\/1556\/revisions\/1625"}],"wp:attachment":[{"href":"https:\/\/sumau.com\/2019-n\/wp-json\/wp\/v2\/media?parent=1556"}],"wp:term":[{"taxonomy":"category","embeddable":true,"href":"https:\/\/sumau.com\/2019-n\/wp-json\/wp\/v2\/categories?post=1556"},{"taxonomy":"post_tag","embeddable":true,"href":"https:\/\/sumau.com\/2019-n\/wp-json\/wp\/v2\/tags?post=1556"}],"curies":[{"name":"wp","href":"https:\/\/api.w.org\/{rel}","templated":true}]}}